{"id":24452,"date":"2025-01-06T13:34:07","date_gmt":"2025-01-06T11:34:07","guid":{"rendered":"https:\/\/www.satiricon.be\/?p=24452"},"modified":"2025-01-06T13:34:07","modified_gmt":"2025-01-06T11:34:07","slug":"chaque-jour-de-cette-semaine-un-dessin-de-lami-johan-pour-celebrer-la-memoire-des-martyrs-tombes-il-y-a-10-ans-pour-la-liberte-dans-les-locaux-de-charlie-hebdo","status":"publish","type":"post","link":"https:\/\/www.satiricon.be\/?p=24452","title":{"rendered":"Chaque jour de cette semaine, un dessin de l&rsquo;ami Johan pour c\u00e9l\u00e9brer la m\u00e9moire des martyrs tomb\u00e9s il y a 10 ans pour la libert\u00e9 dans les locaux de \u00ab\u00a0Charlie Hebdo\u00a0\u00bb."},"content":{"rendered":"\n<figure class=\"wp-block-image size-full\"><a href=\"https:\/\/www.satiricon.be\/wp-content\/uploads\/2025\/01\/Premier-cartoonist.jpeg\"><img loading=\"lazy\" width=\"1018\" height=\"961\" src=\"https:\/\/www.satiricon.be\/wp-content\/uploads\/2025\/01\/Premier-cartoonist.jpeg\" alt=\"\" class=\"wp-image-24453\" srcset=\"https:\/\/www.satiricon.be\/wp-content\/uploads\/2025\/01\/Premier-cartoonist.jpeg 1018w, https:\/\/www.satiricon.be\/wp-content\/uploads\/2025\/01\/Premier-cartoonist-300x283.jpeg 300w, https:\/\/www.satiricon.be\/wp-content\/uploads\/2025\/01\/Premier-cartoonist-768x725.jpeg 768w\" sizes=\"(max-width: 1018px) 100vw, 1018px\" \/><\/a><\/figure>\n","protected":false},"excerpt":{"rendered":"<p>Par Johan de Moor.<\/p>\n","protected":false},"author":2,"featured_media":0,"comment_status":"closed","ping_status":"open","sticky":false,"template":"","format":"standard","meta":[],"categories":[51,76],"tags":[],"_links":{"self":[{"href":"https:\/\/www.satiricon.be\/index.php?rest_route=\/wp\/v2\/posts\/24452"}],"collection":[{"href":"https:\/\/www.satiricon.be\/index.php?rest_route=\/wp\/v2\/posts"}],"about":[{"href":"https:\/\/www.satiricon.be\/index.php?rest_route=\/wp\/v2\/types\/post"}],"author":[{"embeddable":true,"href":"https:\/\/www.satiricon.be\/index.php?rest_route=\/wp\/v2\/users\/2"}],"replies":[{"embeddable":true,"href":"https:\/\/www.satiricon.be\/index.php?rest_route=%2Fwp%2Fv2%2Fcomments&post=24452"}],"version-history":[{"count":1,"href":"https:\/\/www.satiricon.be\/index.php?rest_route=\/wp\/v2\/posts\/24452\/revisions"}],"predecessor-version":[{"id":24454,"href":"https:\/\/www.satiricon.be\/index.php?rest_route=\/wp\/v2\/posts\/24452\/revisions\/24454"}],"wp:attachment":[{"href":"https:\/\/www.satiricon.be\/index.php?rest_route=%2Fwp%2Fv2%2Fmedia&parent=24452"}],"wp:term":[{"taxonomy":"category","embeddable":true,"href":"https:\/\/www.satiricon.be\/index.php?rest_route=%2Fwp%2Fv2%2Fcategories&post=24452"},{"taxonomy":"post_tag","embeddable":true,"href":"https:\/\/www.satiricon.be\/index.php?rest_route=%2Fwp%2Fv2%2Ftags&post=24452"}],"curies":[{"name":"wp","href":"https:\/\/api.w.org\/{rel}","templated":true}]}}