{"id":24469,"date":"2025-01-10T09:37:40","date_gmt":"2025-01-10T07:37:40","guid":{"rendered":"https:\/\/www.satiricon.be\/?p=24469"},"modified":"2025-01-10T09:37:40","modified_gmt":"2025-01-10T07:37:40","slug":"chaque-jour-de-cette-semaine-un-dessin-de-lami-johan-pour-celebrer-la-memoire-des-martyrs-tombes-il-y-a-10-ans-pour-la-liberte-dans-les-locaux-de-charlie-hebdo-5","status":"publish","type":"post","link":"https:\/\/www.satiricon.be\/?p=24469","title":{"rendered":"Chaque jour de cette semaine, un dessin de l&rsquo;ami Johan pour c\u00e9l\u00e9brer la m\u00e9moire des martyrs tomb\u00e9s il y a 10 ans pour la libert\u00e9 dans les locaux de \u00ab\u00a0Charlie Hebdo\u00a0\u00bb."},"content":{"rendered":"\n<p><\/p>\n\n\n\n<div class=\"wp-block-image\"><figure class=\"aligncenter size-full\"><a href=\"https:\/\/www.satiricon.be\/wp-content\/uploads\/2025\/01\/De\u0301radicalisation.jpeg\"><img loading=\"lazy\" width=\"640\" height=\"474\" src=\"https:\/\/www.satiricon.be\/wp-content\/uploads\/2025\/01\/De\u0301radicalisation.jpeg\" alt=\"\" class=\"wp-image-24470\" srcset=\"https:\/\/www.satiricon.be\/wp-content\/uploads\/2025\/01\/De\u0301radicalisation.jpeg 640w, https:\/\/www.satiricon.be\/wp-content\/uploads\/2025\/01\/De\u0301radicalisation-300x222.jpeg 300w\" sizes=\"(max-width: 640px) 100vw, 640px\" \/><\/a><\/figure><\/div>\n","protected":false},"excerpt":{"rendered":"<p>Par Johan de Moor.<\/p>\n","protected":false},"author":2,"featured_media":0,"comment_status":"closed","ping_status":"open","sticky":false,"template":"","format":"standard","meta":[],"categories":[45,51],"tags":[],"_links":{"self":[{"href":"https:\/\/www.satiricon.be\/index.php?rest_route=\/wp\/v2\/posts\/24469"}],"collection":[{"href":"https:\/\/www.satiricon.be\/index.php?rest_route=\/wp\/v2\/posts"}],"about":[{"href":"https:\/\/www.satiricon.be\/index.php?rest_route=\/wp\/v2\/types\/post"}],"author":[{"embeddable":true,"href":"https:\/\/www.satiricon.be\/index.php?rest_route=\/wp\/v2\/users\/2"}],"replies":[{"embeddable":true,"href":"https:\/\/www.satiricon.be\/index.php?rest_route=%2Fwp%2Fv2%2Fcomments&post=24469"}],"version-history":[{"count":1,"href":"https:\/\/www.satiricon.be\/index.php?rest_route=\/wp\/v2\/posts\/24469\/revisions"}],"predecessor-version":[{"id":24471,"href":"https:\/\/www.satiricon.be\/index.php?rest_route=\/wp\/v2\/posts\/24469\/revisions\/24471"}],"wp:attachment":[{"href":"https:\/\/www.satiricon.be\/index.php?rest_route=%2Fwp%2Fv2%2Fmedia&parent=24469"}],"wp:term":[{"taxonomy":"category","embeddable":true,"href":"https:\/\/www.satiricon.be\/index.php?rest_route=%2Fwp%2Fv2%2Fcategories&post=24469"},{"taxonomy":"post_tag","embeddable":true,"href":"https:\/\/www.satiricon.be\/index.php?rest_route=%2Fwp%2Fv2%2Ftags&post=24469"}],"curies":[{"name":"wp","href":"https:\/\/api.w.org\/{rel}","templated":true}]}}