{"id":24612,"date":"2025-03-15T18:00:15","date_gmt":"2025-03-15T16:00:15","guid":{"rendered":"https:\/\/www.satiricon.be\/?p=24612"},"modified":"2025-03-15T18:00:15","modified_gmt":"2025-03-15T16:00:15","slug":"les-gens-qui-ont-bonne-conscience-ont-souvent-mauvaise-memoire-jacques-brel","status":"publish","type":"post","link":"https:\/\/www.satiricon.be\/?p=24612","title":{"rendered":"\u00ab\u00a0Les gens qui ont bonne conscience ont souvent mauvaise m\u00e9moire.\u00a0\u00bb (Jacques Brel)"},"content":{"rendered":"\n<div class=\"wp-block-image\"><figure class=\"aligncenter size-full\"><a href=\"https:\/\/www.satiricon.be\/wp-content\/uploads\/2025\/03\/Memoires-\u2013-Soldat-jusquau-dernier-jour-cover.jpg\"><img loading=\"lazy\" width=\"214\" height=\"350\" src=\"https:\/\/www.satiricon.be\/wp-content\/uploads\/2025\/03\/Memoires-\u2013-Soldat-jusquau-dernier-jour-cover.jpg\" alt=\"\" class=\"wp-image-24614\" srcset=\"https:\/\/www.satiricon.be\/wp-content\/uploads\/2025\/03\/Memoires-\u2013-Soldat-jusquau-dernier-jour-cover.jpg 214w, https:\/\/www.satiricon.be\/wp-content\/uploads\/2025\/03\/Memoires-\u2013-Soldat-jusquau-dernier-jour-cover-183x300.jpg 183w\" sizes=\"(max-width: 214px) 100vw, 214px\" \/><\/a><\/figure><\/div>\n\n\n\n<p>Albert Kesselring (30 novembre 1885-1960) \u00e9tait un <em>Generalfeldmarschall<\/em> allemand de la Luftwaffe pendant la Seconde Guerre mondiale. Durant sa carri\u00e8re militaire qui s\u2019\u00e9tendit sur les deux guerres mondiales, Kesselring devint l\u2019un des commandants les plus d\u00e9cor\u00e9s du Troisi\u00e8me Reich, car il fut l\u2019un des 27 r\u00e9cipiendaires de la croix de chevalier de la croix de fer avec feuilles de ch\u00eane, glaives et brillants. Surnomm\u00e9 \u00ab&nbsp;Albert le souriant&nbsp;\u00bb par les Alli\u00e9s et \u00ab&nbsp;oncle Albert&nbsp;\u00bb par ses hommes, il fut l\u2019un des g\u00e9n\u00e9raux allemands les plus populaires de la Seconde Guerre mondiale.<\/p>\n\n\n\n<p>Kesselring rejoignit l\u2019arm\u00e9e bavaroise en tant qu\u2019aspirant en 1904 et il servit dans l\u2019artillerie. Il termina son apprentissage comme observateur embarqu\u00e9 en ballon en 1912. Durant la Premi\u00e8re Guerre mondiale, il combattit sur les fronts de l\u2019Ouest et de l\u2019Est et entra \u00e0 l\u2019\u00e9tat-major.<\/p>\n\n\n\n<p>Kesselring resta dans l\u2019arm\u00e9e apr\u00e8s la guerre, mais il fut lib\u00e9r\u00e9 en 1933 pour devenir directeur du d\u00e9partement administratif du minist\u00e8re de l\u2019Aviation du Reich o\u00f9 il participa \u00e0 la reconstruction de l\u2019industrie a\u00e9ronautique et \u00e0 la recr\u00e9ation de la Luftwaffe dont il fut le chef d\u2019\u00e9tat-major entre 1936 et 1938.<\/p>\n\n\n\n<p>Au d\u00e9but la Seconde Guerre mondiale, il commanda les forces a\u00e9riennes allemandes lors de l\u2019invasion de la Pologne et de la France, durant la bataille d\u2019Angleterre et dans l\u2019op\u00e9ration <em>Barbarossa <\/em>contre l\u2019URSS. En d\u00e9cembre 1941, il prit le commandement de toutes les arm\u00e9es allemandes pour l\u2019Europe du Sud et il participa aux combats du th\u00e9\u00e2tre m\u00e9diterran\u00e9en, o\u00f9 il opposa une r\u00e9sistance tenace aux Alli\u00e9s, lors de la campagne d\u2019Italie apr\u00e8s avoir pr\u00e9sid\u00e9 au repli en Afrique du Nord, jusqu\u2019\u00e0 ce qu\u2019il soit bless\u00e9 dans un accident de voiture en octobre 1944. \u00c0 la fin de la guerre, il commanda les forces allemandes sur le front de l\u2019Ouest. Il gagna le respect de ses adversaires pour ses actions militaires, mais sa carri\u00e8re fut entach\u00e9e par les massacres commis par les troupes sous son commandement en Italie.<\/p>\n\n\n\n<div class=\"wp-block-image\"><figure class=\"aligncenter size-full\"><a href=\"https:\/\/www.satiricon.be\/wp-content\/uploads\/2025\/03\/Memores-\u2013-Soldat-jusquau-dernier-jour-Albert-Kesselring.jpg\"><img loading=\"lazy\" width=\"238\" height=\"350\" src=\"https:\/\/www.satiricon.be\/wp-content\/uploads\/2025\/03\/Memores-\u2013-Soldat-jusquau-dernier-jour-Albert-Kesselring.jpg\" alt=\"\" class=\"wp-image-24613\" srcset=\"https:\/\/www.satiricon.be\/wp-content\/uploads\/2025\/03\/Memores-\u2013-Soldat-jusquau-dernier-jour-Albert-Kesselring.jpg 238w, https:\/\/www.satiricon.be\/wp-content\/uploads\/2025\/03\/Memores-\u2013-Soldat-jusquau-dernier-jour-Albert-Kesselring-204x300.jpg 204w\" sizes=\"(max-width: 238px) 100vw, 238px\" \/><\/a><\/figure><\/div>\n\n\n\n<p class=\"has-text-align-center\">Albert Kesselring en 1940<a href=\"#_ftn1\" id=\"_ftnref1\">[1]<\/a>.<\/p>\n\n\n\n<p>Apr\u00e8s la guerre, malgr\u00e9 qu\u2019il e\u00fbt grandement \u0153uvr\u00e9 pour \u00e9viter la destruction du patrimoine culturel de nombreuses villes italiennes comme Rome, Florence, Sienne et Orvieto, Kesselring fut jug\u00e9 pour crimes de guerre<a href=\"#_ftn2\" id=\"_ftnref2\">[2]<\/a> et condamn\u00e9 \u00e0 mort le 6&nbsp;mai 1947 par un tribunal militaire britannique avant que sa peine f\u00fbt commu\u00e9e le 4&nbsp;juillet suivant en emprisonnement \u00e0 perp\u00e9tuit\u00e9.<\/p>\n\n\n\n<p>La condamnation \u00e0 mort d\u2019Albert Kesselring avait en effet provoqu\u00e9 de nombreuses protestations au Royaume-Uni. Ainsi, l\u2019ancien Premier ministre britannique Winston Churchill (1874-1965) la trouva imm\u00e9diatement trop dure et il intervint en faveur de Kesselring, tandis que l\u2019adversaire de ce dernier en Tunisie et en Italie, le mar\u00e9chal Harold Alexander (1891-1969), devenu gouverneur g\u00e9n\u00e9ral du Canada, envoya un t\u00e9l\u00e9gramme au premier ministre Clement Attlee (1883-1967) exprimant son espoir que la condamnation de Kesselring serait commu\u00e9e.<\/p>\n\n\n\n<p>Une campagne m\u00e9diatique en Allemagne entra\u00eena sa lib\u00e9ration en octobre 1952 pour raisons de sant\u00e9 (en juillet, on lui avait diagnostiqu\u00e9 une tumeur canc\u00e9reuse dans la gorge).<\/p>\n\n\n\n<p>En 1952, alors qu&rsquo;il se trouvait toujours \u00e0 l&rsquo;h\u00f4pital, Kesselring accepta la pr\u00e9sidence honoraire de trois organisations de v\u00e9t\u00e9rans&nbsp;: la <em>Luftwaffenring<\/em>, compos\u00e9e de v\u00e9t\u00e9rans de la Luftwaffe, la <em>Verband deutsches Afrikakorps<\/em> rassemblant les anciens soldats de l&rsquo;<em>Afrika Korps <\/em>et la controvers\u00e9e association des v\u00e9t\u00e9rans d&rsquo;extr\u00eame-droite, le <em>Stahlhelm, Bund der Frontsoldaten<\/em>.<\/p>\n\n\n\n<p>La pr\u00e9sidence de cette organisation ternit sa r\u00e9putation<a href=\"#_ftn3\" id=\"_ftnref3\">[3]<\/a>.<\/p>\n\n\n\n<p>Albert Kesselring fut l\u2019un des trois <em>Generalfeldmarschalls<\/em> \u00e0 avoir publi\u00e9 ses m\u00e9moires<a href=\"#_ftn4\" id=\"_ftnref4\">[4]<\/a>, intitul\u00e9es <em>Soldat bis zum letzten Tag <\/em>(r\u00e9dig\u00e9es en prison et parues en 1953), sorties en fran\u00e7ais aux \u00c9ditions Perrin en 2021 puis en 2025 dans leur collection de poche \u00ab&nbsp;Tempus&nbsp;\u00bb sous le titre <strong><em>M\u00e9moires&nbsp;\u2013&nbsp;Soldat jusqu\u2019au dernier jour<\/em><\/strong>.<\/p>\n\n\n\n<p>\u00ab&nbsp;Ce t\u00e9moignage, \u00e9crit en captivit\u00e9, est capital pour comprendre et conna\u00eetre l\u2019histoire de la Wehrmacht, de ses triomphes initiaux \u00e0 sa chute in\u00e9luctable. Le r\u00e9cit, \u00e9crit d\u2019une plume agr\u00e9able, est enrichi de nombreuses notes par Beno\u00eet Rondeau ainsi que d\u2019une pr\u00e9face dans laquelle l\u2019historien critique la vulgate h\u00e9ro\u00efque, martel\u00e9e par le m\u00e9morialiste, d\u2019une arm\u00e9e allemande \u00e9trang\u00e8re aux crimes du III<sup>e&nbsp;<\/sup>Reich. Que ce soit en Russie et m\u00eame en Italie (massacre des Fosses ard\u00e9atines), Kesselring fut aux premi\u00e8res loges et porte une part de responsabilit\u00e9 \u00e9crasante qu\u2019il fit tout pour faire oublier.&nbsp;\u00bb<a href=\"#_ftn5\" id=\"_ftnref5\">[5]<\/a><\/p>\n\n\n\n<p><strong>P\u00c9TRONE<\/strong><\/p>\n\n\n\n<p class=\"has-small-font-size\"><strong><em>M\u00e9moires \u2013 Soldat jusqu\u2019au dernier jour <\/em><\/strong>par Albert Kesselring, ouvrage traduit de l\u2019allemand par le colonel Jean-Fran\u00e7ois-Adolphe Goutard, pr\u00e9sentation et notes de Beno\u00eet Rondeau, Paris, \u00c9ditions Perrin, collection \u00ab&nbsp;Tempus&nbsp;\u00bb, f\u00e9vrier&nbsp;2025 [juin&nbsp;2021], 758&nbsp;pp. en noir et blanc au format 10,8&nbsp;x&nbsp;17,7&nbsp;cm sous couverture broch\u00e9e en couleurs, 12&nbsp;\u20ac (prix France)<\/p>\n\n\n\n<hr class=\"wp-block-separator\" \/>\n\n\n\n<p><a href=\"#_ftnref1\" id=\"_ftn1\">[1]<\/a> Photo&nbsp;: Bundesarchiv Bild 183-R93434.<\/p>\n\n\n\n<p><a href=\"#_ftnref2\" id=\"_ftn2\">[2]<\/a> Il fut accus\u00e9 d\u2019\u00eatre responsable du massacre de 335 Italiens aux Fosses ard\u00e9atines \u00e0 Rome le 24&nbsp;mars 1944 et d&rsquo;avoir incit\u00e9 au meurtre de civils italiens.<\/p>\n\n\n\n<p><a href=\"#_ftnref3\" id=\"_ftn3\">[3]<\/a> Source&nbsp;: Wikip\u00e9dia.<\/p>\n\n\n\n<p><a href=\"#_ftnref4\" id=\"_ftn4\">[4]<\/a> Les deux autres \u00e9tant Erich von Manstein (1887-1973) et Ferdinand Sch\u00f6rner (1892-1973).<\/p>\n\n\n\n<p><a href=\"#_ftnref5\" id=\"_ftn5\">[5]<\/a> Quatri\u00e8me de couverture.<\/p>\n","protected":false},"excerpt":{"rendered":"<p>Par P\u00e9trone.<\/p>\n","protected":false},"author":2,"featured_media":0,"comment_status":"closed","ping_status":"open","sticky":false,"template":"","format":"standard","meta":[],"categories":[77,28,51,11],"tags":[],"_links":{"self":[{"href":"https:\/\/www.satiricon.be\/index.php?rest_route=\/wp\/v2\/posts\/24612"}],"collection":[{"href":"https:\/\/www.satiricon.be\/index.php?rest_route=\/wp\/v2\/posts"}],"about":[{"href":"https:\/\/www.satiricon.be\/index.php?rest_route=\/wp\/v2\/types\/post"}],"author":[{"embeddable":true,"href":"https:\/\/www.satiricon.be\/index.php?rest_route=\/wp\/v2\/users\/2"}],"replies":[{"embeddable":true,"href":"https:\/\/www.satiricon.be\/index.php?rest_route=%2Fwp%2Fv2%2Fcomments&post=24612"}],"version-history":[{"count":1,"href":"https:\/\/www.satiricon.be\/index.php?rest_route=\/wp\/v2\/posts\/24612\/revisions"}],"predecessor-version":[{"id":24615,"href":"https:\/\/www.satiricon.be\/index.php?rest_route=\/wp\/v2\/posts\/24612\/revisions\/24615"}],"wp:attachment":[{"href":"https:\/\/www.satiricon.be\/index.php?rest_route=%2Fwp%2Fv2%2Fmedia&parent=24612"}],"wp:term":[{"taxonomy":"category","embeddable":true,"href":"https:\/\/www.satiricon.be\/index.php?rest_route=%2Fwp%2Fv2%2Fcategories&post=24612"},{"taxonomy":"post_tag","embeddable":true,"href":"https:\/\/www.satiricon.be\/index.php?rest_route=%2Fwp%2Fv2%2Ftags&post=24612"}],"curies":[{"name":"wp","href":"https:\/\/api.w.org\/{rel}","templated":true}]}}