{"id":24692,"date":"2025-04-17T15:35:09","date_gmt":"2025-04-17T13:35:09","guid":{"rendered":"https:\/\/www.satiricon.be\/?p=24692"},"modified":"2025-04-17T15:35:09","modified_gmt":"2025-04-17T13:35:09","slug":"ce-nest-pas-la-realite-qui-compte-ou-la-poesie-mais-le-passage-de-lune-a-lautre-et-les-surprises-quelles-se-font-jean-michel-folon","status":"publish","type":"post","link":"https:\/\/www.satiricon.be\/?p=24692","title":{"rendered":"\u00ab\u00a0Ce n\u2019est pas la r\u00e9alit\u00e9 qui compte, ou la po\u00e9sie. Mais le passage de l\u2019une \u00e0 l\u2019autre, et les surprises qu\u2019elles se font.\u00a0\u00bb (Jean-Michel Folon)"},"content":{"rendered":"\n<div class=\"wp-block-image\"><figure class=\"aligncenter size-full\"><a href=\"https:\/\/www.satiricon.be\/wp-content\/uploads\/2025\/04\/Folon-en-couleurs-4.jpg\"><img loading=\"lazy\" width=\"280\" height=\"350\" src=\"https:\/\/www.satiricon.be\/wp-content\/uploads\/2025\/04\/Folon-en-couleurs-4.jpg\" alt=\"\" class=\"wp-image-24694\" srcset=\"https:\/\/www.satiricon.be\/wp-content\/uploads\/2025\/04\/Folon-en-couleurs-4.jpg 280w, https:\/\/www.satiricon.be\/wp-content\/uploads\/2025\/04\/Folon-en-couleurs-4-240x300.jpg 240w\" sizes=\"(max-width: 280px) 100vw, 280px\" \/><\/a><\/figure><\/div>\n\n\n\n<p>Apr\u00e8s avoir consacr\u00e9 un album aux affiches de l\u2019artiste, les Cahiers dessin\u00e9s \u00e0 Paris sortent \u00e0 l\u2019occasion de la troisi\u00e8me \u00e9dition du Festival du dessin d\u2019Arles dont Jean-Michel Folon est la t\u00eate d\u2019affiche, un beau livre intitul\u00e9 <strong><em>Folon en couleurs<\/em><\/strong> s\u2019ouvrant par des textes de Julie Bouvard et St\u00e9phanie Angelroth (la directrice de la Fondation Folon<a href=\"#_ftn1\" id=\"_ftnref1\">[1]<\/a>) et riche d\u2019illustrations de l\u2019artiste.<\/p>\n\n\n\n<p>Jean-Michel Folon, n\u00e9 le 1<sup>er<\/sup> mars 1934 \u00e0 Uccle en Belgique et mort le 20 octobre 2005 \u00e0 Monaco, \u00e9tait un artiste belge de renomm\u00e9e mondiale. Il a travaill\u00e9 sur de nombreux mat\u00e9riaux et cr\u00e9\u00e9 sous diverses formes&nbsp;: aquarelle, peinture, gravure, sculpture, affiches, vitraux, c\u00e9ramique, tapisserie, couvertures de livres, timbres-poste, cartes t\u00e9l\u00e9phoniques et d\u00e9cors de th\u00e9\u00e2tre.<\/p>\n\n\n\n<p>Il s\u2019est distingu\u00e9 dans le domaine de l\u2019illustration par plusieurs styles caract\u00e9ris\u00e9s par de larges d\u00e9grad\u00e9s \u00e0 l\u2019aquarelle et l\u2019utilisation r\u00e9currente de personnages au contour volontairement sch\u00e9matique. Leur expression \u00e9gar\u00e9e, leur errance en apesanteur dans de vastes paysages d\u00e9nud\u00e9s ou au contraire dans des espaces urbains oppressants et \u00e9nigmatiques, parfaitement en phase avec les interrogations de la soci\u00e9t\u00e9 occidentale de l\u2019apr\u00e8s mai 1968 constituent sans doute le meilleur aspect de son \u0153uvre.<\/p>\n\n\n\n<p>En juin 1983, il a dessin\u00e9 le premier logo d\u2019Apple, \u201cMr. Macintosh\u201d, anciennement Macintosh, la soci\u00e9t\u00e9 de Steve Jobs, finalement remplac\u00e9 par celui de Tom Hughes.<\/p>\n\n\n\n<p>L\u2019ann\u00e9e 1989 marque son succ\u00e8s philat\u00e9lique et public en France : il con\u00e7oit le logo de l\u2019exposition internationale philat\u00e9lique de Paris Philexfrance&nbsp;89, et le logo <em>Les Oiseaux<\/em> pour la comm\u00e9moration de la R\u00e9volution fran\u00e7aise, figurant sur de nombreux timbres et objets comm\u00e9moratifs dans le monde.<\/p>\n\n\n\n<p>En 1990, Ray Bradbury participa \u00e0 la r\u00e9daction du livre <em>Folon\u2019s Folons<\/em> du Metropolitan Museum of Art. Folon avait illustr\u00e9 les <em>Chroniques martiennes<\/em> en 1979.<\/p>\n\n\n\n<div class=\"wp-block-image\"><figure class=\"aligncenter size-full\"><a href=\"https:\/\/www.satiricon.be\/wp-content\/uploads\/2025\/04\/Affiche-Festival-du-dessin-Arles-2025.jpg\"><img loading=\"lazy\" width=\"244\" height=\"350\" src=\"https:\/\/www.satiricon.be\/wp-content\/uploads\/2025\/04\/Affiche-Festival-du-dessin-Arles-2025.jpg\" alt=\"\" class=\"wp-image-24693\" srcset=\"https:\/\/www.satiricon.be\/wp-content\/uploads\/2025\/04\/Affiche-Festival-du-dessin-Arles-2025.jpg 244w, https:\/\/www.satiricon.be\/wp-content\/uploads\/2025\/04\/Affiche-Festival-du-dessin-Arles-2025-209x300.jpg 209w\" sizes=\"(max-width: 244px) 100vw, 244px\" \/><\/a><\/figure><\/div>\n\n\n\n<p class=\"has-text-align-center\">Affiche du Festival du dessin, Arles, 2025<\/p>\n\n\n\n<p>Jean-Michel Folon \u00e9tait aussi un ardent d\u00e9fenseur des droits de l\u2019homme. En 1989, il a illustr\u00e9 les articles de la <em>D\u00e9claration universelle des droits de l\u2019homme<\/em> \u00e0 l\u2019occasion de ses 40 ans. Il a notamment aussi illustr\u00e9 diverses campagnes pour Amnesty International.<\/p>\n\n\n\n<p>\u00c9coutons les autrices&nbsp;:<\/p>\n\n\n\n<p>\u00ab&nbsp;Coloriste de g\u00e9nie, touche-\u00e0-tout virtuose passant ais\u00e9ment des miniatures aux formats gigantesque, il avait le don de brouiller les fronti\u00e8res entre le r\u00e9el et l\u2019imaginaire, l\u2019obsessionnel et l\u2019improvis\u00e9, l\u2019angoissant et le radieux. Fl\u00e8ches folles envahissant les villes, tours de Babel constell\u00e9es d\u2019yeux inquisiteurs, missiles dormant au fond d\u2019aquariums, prisonniers dot\u00e9s d\u2019ailes arc-en-ciel, voyageurs transportant le soleil couchant dans leurs valises&nbsp;: en quelques traits, il a su montrer toute l\u2019absurdit\u00e9 de la guerre, le saccage des for\u00eats, l\u2019invasion des machines, l\u2019anonymat asphyxiant des villes, mais \u00e9galement la myst\u00e9rieuse et somptueuse harmonie du monde.&nbsp;\u00bb<\/p>\n\n\n\n<p>Joli&nbsp;!<\/p>\n\n\n\n<p><strong>P\u00c9TRONE<\/strong><\/p>\n\n\n\n<p class=\"has-small-font-size\"><strong><em>Folon en couleurs<\/em><\/strong>, textes de Julie Bouvard et St\u00e9phanie Angelroth, illustrations de Jean-Michel Folon, Paris, \u00c9ditions Les Cahiers dessin\u00e9s, avril&nbsp;2025, 206&nbsp;pp. en quadrichromie au format 24,4&nbsp;x&nbsp;25&nbsp;cm sous couverture cartonn\u00e9e en couleurs, 36&nbsp;\u20ac (prix France)<\/p>\n\n\n\n<hr class=\"wp-block-separator\" \/>\n\n\n\n<p><a href=\"#_ftnref1\" id=\"_ftn1\">[1]<\/a> Ferme du Ch\u00e2teau de La Hulpe, Dr\u00e8ve de la Ram\u00e9e 6A, B-1310 La Hulpe. <a href=\"https:\/\/fondationfolon.be\">https:\/\/fondationfolon.be<\/a><\/p>\n","protected":false},"excerpt":{"rendered":"<p>Par P\u00e9trone.<\/p>\n","protected":false},"author":2,"featured_media":0,"comment_status":"closed","ping_status":"open","sticky":false,"template":"","format":"standard","meta":[],"categories":[54,11],"tags":[],"_links":{"self":[{"href":"https:\/\/www.satiricon.be\/index.php?rest_route=\/wp\/v2\/posts\/24692"}],"collection":[{"href":"https:\/\/www.satiricon.be\/index.php?rest_route=\/wp\/v2\/posts"}],"about":[{"href":"https:\/\/www.satiricon.be\/index.php?rest_route=\/wp\/v2\/types\/post"}],"author":[{"embeddable":true,"href":"https:\/\/www.satiricon.be\/index.php?rest_route=\/wp\/v2\/users\/2"}],"replies":[{"embeddable":true,"href":"https:\/\/www.satiricon.be\/index.php?rest_route=%2Fwp%2Fv2%2Fcomments&post=24692"}],"version-history":[{"count":1,"href":"https:\/\/www.satiricon.be\/index.php?rest_route=\/wp\/v2\/posts\/24692\/revisions"}],"predecessor-version":[{"id":24695,"href":"https:\/\/www.satiricon.be\/index.php?rest_route=\/wp\/v2\/posts\/24692\/revisions\/24695"}],"wp:attachment":[{"href":"https:\/\/www.satiricon.be\/index.php?rest_route=%2Fwp%2Fv2%2Fmedia&parent=24692"}],"wp:term":[{"taxonomy":"category","embeddable":true,"href":"https:\/\/www.satiricon.be\/index.php?rest_route=%2Fwp%2Fv2%2Fcategories&post=24692"},{"taxonomy":"post_tag","embeddable":true,"href":"https:\/\/www.satiricon.be\/index.php?rest_route=%2Fwp%2Fv2%2Ftags&post=24692"}],"curies":[{"name":"wp","href":"https:\/\/api.w.org\/{rel}","templated":true}]}}