{"id":24728,"date":"2025-05-11T17:19:18","date_gmt":"2025-05-11T15:19:18","guid":{"rendered":"https:\/\/www.satiricon.be\/?p=24728"},"modified":"2025-05-11T17:19:18","modified_gmt":"2025-05-11T15:19:18","slug":"le-cv-de-105-autocrates","status":"publish","type":"post","link":"https:\/\/www.satiricon.be\/?p=24728","title":{"rendered":"Le CV de 105 autocrates\u2026"},"content":{"rendered":"\n<div class=\"wp-block-image\"><figure class=\"aligncenter size-full\"><a href=\"https:\/\/www.satiricon.be\/wp-content\/uploads\/2025\/05\/Les-empereurs-romains-27-av.-J.-C.-\u2013-476-apr.-J.-C..jpg\"><img loading=\"lazy\" width=\"233\" height=\"350\" src=\"https:\/\/www.satiricon.be\/wp-content\/uploads\/2025\/05\/Les-empereurs-romains-27-av.-J.-C.-\u2013-476-apr.-J.-C..jpg\" alt=\"\" class=\"wp-image-24729\" srcset=\"https:\/\/www.satiricon.be\/wp-content\/uploads\/2025\/05\/Les-empereurs-romains-27-av.-J.-C.-\u2013-476-apr.-J.-C..jpg 233w, https:\/\/www.satiricon.be\/wp-content\/uploads\/2025\/05\/Les-empereurs-romains-27-av.-J.-C.-\u2013-476-apr.-J.-C.-200x300.jpg 200w\" sizes=\"(max-width: 233px) 100vw, 233px\" \/><\/a><\/figure><\/div>\n\n\n\n<p>En 1994, le regrett\u00e9 historien suisse Fran\u00e7ois Zosso et son compatriote le math\u00e9maticien et numismate Christian Zingg avaient publi\u00e9 aux \u00c9ditions Errance \u00e0 Paris un remarquable ouvrage de r\u00e9f\u00e9rence intitul\u00e9 <strong><em>Les empereurs romains (27 av. J.-C.&nbsp;\u2013&nbsp;476 apr. J.-C.)<\/em><\/strong>, dont les \u00c9ditions Actes Sud en Arles proposent fort opportun\u00e9ment un reprint de belle qualit\u00e9.<\/p>\n\n\n\n<p>En sus d\u2019une quarantaine de pages de cartes g\u00e9ographiques et de tableaux chronologiques ou synoptiques qui permettent de s\u2019aventurer ais\u00e9ment dans les m\u00e9andres de la succession de ces dictateurs, de d\u00e9couvrir leurs rivaux, leurs alli\u00e9s et l\u2019issue tragique que la plupart d\u2019entre eux ont connue, cet ouvrage pr\u00e9sente, sous la forme de fiches d\u2019une \u00e0 cinq pages, l\u2019essentiel de la vie et de l\u2019action (origine, portrait par la reproduction d\u2019une pi\u00e8ce de monnaie \u00e0 leur effigie, \u00e9ducation, mariage, \u00e9v\u00e8nements importants du r\u00e8gne&#8230;) des 105 hommes qui, \u00e0 la suite d\u2019Auguste&nbsp;\u2013&nbsp;car, contrairement \u00e0 la croyance tr\u00e8s r\u00e9pandue, Jules C\u00e9sar ne fut jamais empereur&nbsp;\u2013, ont r\u00e9gn\u00e9 sur l\u2019Empire romain dans une ambiance tumultueuse et d\u00e9l\u00e9t\u00e8re (plus de la moiti\u00e9 d\u2019entre eux furent renvoy\u00e9s <em>ad patres<\/em> par mort violente, il y eut des confrontations avec 55&nbsp;usurpateurs et d\u2019innombrables intrigues et complots furent ourdis\u2026).<\/p>\n\n\n\n<p>Il s\u2019agit notamment d\u2019Auguste, d\u00e9j\u00e0 cit\u00e9, de Tib\u00e8re, de Caligula, de Claude, de N\u00e9ron, de Vespasien, de Trajan, d\u2019Hadrien, de Marc Aur\u00e8le, de Commode, de Septime S\u00e9v\u00e8re, de Caracalla, de Gallien, de Diocl\u00e9tien, de Constantin, de Julien l\u2019Apostat, de Procope, de Th\u00e9odose\u2026<\/p>\n\n\n\n<p>Mais aussi, entre autres, de Pertinax, de Geta, de Macrin, de Diadum\u00e9nien, d\u2019\u00c9lagabal, de Pupien, de Volusien, de Salonin, de Gal\u00e8re, de Vetranio, de N\u00e9potien, d\u2019Eug\u00e8ne, d\u2019Avitus, de L\u00e9on&nbsp;I<sup>er<\/sup>, d\u2019Anth\u00e8me, de Glyc\u00e8re ou encore d\u2019Olybrius\u2026<\/p>\n\n\n\n<p><strong>P\u00c9TRONE<\/strong><\/p>\n\n\n\n<p class=\"has-small-font-size\"><strong><em>Les empereurs romains (27 av. J.-C. \u2013 476 apr. J.-C.)<\/em><\/strong> par Fran\u00e7ois Zosso et Christian Zingg, Arles, \u00c9ditions Errance et Picard (Actes Sud), mai\u00a02025 [1994, 2002, 2009], 468\u00a0pp. en noir et blanc au format 16\u00a0x\u00a024\u00a0cm sous couverture broch\u00e9e en couleurs, 36\u00a0\u20ac (prix France)<\/p>\n\n\n\n<p class=\"has-text-align-center\"><strong>SOMMAIRE<\/strong><\/p>\n\n\n\n<p><strong><em>Avis au lecteur<\/em><\/strong><\/p>\n\n\n\n<p><strong>\u00catre empereur \u00e0 Rome<\/strong><\/p>\n\n\n\n<p><em>Carte des r\u00e9gions de l\u2019Empire<\/em><\/p>\n\n\n\n<p><em>Carte des villes de l\u2019Empire r\u00e9f\u00e9renc\u00e9es dans cet ouvrage<\/em><\/p>\n\n\n\n<p>Des Julio-Claudiens aux Flaviens (-27 \u2013 96)<\/p>\n\n\n\n<p>Le si\u00e8cle des Antonins (97 &#8211; 192)<\/p>\n\n\n\n<p>La guerre civile (192 &#8211; 211)<\/p>\n\n\n\n<p>Les empereurs africains et syriens (193 &#8211; 235)<\/p>\n\n\n\n<p>Les empereurs soldats (235 &#8211; 284)<\/p>\n\n\n\n<p>Les empereurs t\u00e9trarques (285 &#8211; 305)<\/p>\n\n\n\n<p>Les empereurs chr\u00e9tiens (305 &#8211; 476)<\/p>\n\n\n\n<p>Post-scriptum<\/p>\n\n\n\n<p><strong>Glossaire<\/strong><\/p>\n\n\n\n<p><strong>Bibliographie sommaire<\/strong><\/p>\n\n\n\n<p><strong>Tableaux synoptiques des empereurs romains et usurpateurs<\/strong><\/p>\n\n\n\n<p><strong>Le r\u00e8gne des empereurs romains<\/strong><\/p>\n\n\n\n<p><strong>Les Barbares et l\u2019Empire romain<\/strong><\/p>\n\n\n\n<p><em>Carte des invasions barbares aux IV<sup>e<\/sup> et V<sup>e<\/sup> si\u00e8cles<\/em><\/p>\n\n\n\n<p><em>Carte des principales victoires et d\u00e9faites des arm\u00e9es romaines<\/em><\/p>\n\n\n\n<p><strong>Liste des usurpateurs et des C\u00e9sars par ordre alphab\u00e9tique<\/strong><\/p>\n\n\n\n<p><strong>Liste des empereurs par ordre alphab\u00e9tique<\/strong><\/p>\n","protected":false},"excerpt":{"rendered":"<p>Par P\u00e9trone.<\/p>\n","protected":false},"author":2,"featured_media":0,"comment_status":"closed","ping_status":"open","sticky":false,"template":"","format":"standard","meta":[],"categories":[77,11],"tags":[],"_links":{"self":[{"href":"https:\/\/www.satiricon.be\/index.php?rest_route=\/wp\/v2\/posts\/24728"}],"collection":[{"href":"https:\/\/www.satiricon.be\/index.php?rest_route=\/wp\/v2\/posts"}],"about":[{"href":"https:\/\/www.satiricon.be\/index.php?rest_route=\/wp\/v2\/types\/post"}],"author":[{"embeddable":true,"href":"https:\/\/www.satiricon.be\/index.php?rest_route=\/wp\/v2\/users\/2"}],"replies":[{"embeddable":true,"href":"https:\/\/www.satiricon.be\/index.php?rest_route=%2Fwp%2Fv2%2Fcomments&post=24728"}],"version-history":[{"count":1,"href":"https:\/\/www.satiricon.be\/index.php?rest_route=\/wp\/v2\/posts\/24728\/revisions"}],"predecessor-version":[{"id":24730,"href":"https:\/\/www.satiricon.be\/index.php?rest_route=\/wp\/v2\/posts\/24728\/revisions\/24730"}],"wp:attachment":[{"href":"https:\/\/www.satiricon.be\/index.php?rest_route=%2Fwp%2Fv2%2Fmedia&parent=24728"}],"wp:term":[{"taxonomy":"category","embeddable":true,"href":"https:\/\/www.satiricon.be\/index.php?rest_route=%2Fwp%2Fv2%2Fcategories&post=24728"},{"taxonomy":"post_tag","embeddable":true,"href":"https:\/\/www.satiricon.be\/index.php?rest_route=%2Fwp%2Fv2%2Ftags&post=24728"}],"curies":[{"name":"wp","href":"https:\/\/api.w.org\/{rel}","templated":true}]}}