{"id":24742,"date":"2025-05-23T16:54:10","date_gmt":"2025-05-23T14:54:10","guid":{"rendered":"https:\/\/www.satiricon.be\/?p=24742"},"modified":"2025-05-23T16:54:10","modified_gmt":"2025-05-23T14:54:10","slug":"6-bandes-dessinees-de-qualite","status":"publish","type":"post","link":"https:\/\/www.satiricon.be\/?p=24742","title":{"rendered":"6 bandes dessin\u00e9es de qualit\u00e9\u2026"},"content":{"rendered":"\n<p>Les \u00c9ditions Gl\u00e9nat \u00e0 Grenoble sont particuli\u00e8rement connues pour leur production de bandes dessin\u00e9es de qualit\u00e9. Voici l\u2019argumentaire de six d\u2019entre elles, parues r\u00e9cemment&nbsp;:<\/p>\n\n\n\n<div class=\"wp-block-image\"><figure class=\"aligncenter size-full\"><a href=\"https:\/\/www.satiricon.be\/wp-content\/uploads\/2025\/05\/Anne-de-Bretagne.jpeg\"><img loading=\"lazy\" width=\"262\" height=\"350\" src=\"https:\/\/www.satiricon.be\/wp-content\/uploads\/2025\/05\/Anne-de-Bretagne.jpeg\" alt=\"\" class=\"wp-image-24748\" srcset=\"https:\/\/www.satiricon.be\/wp-content\/uploads\/2025\/05\/Anne-de-Bretagne.jpeg 262w, https:\/\/www.satiricon.be\/wp-content\/uploads\/2025\/05\/Anne-de-Bretagne-225x300.jpeg 225w\" sizes=\"(max-width: 262px) 100vw, 262px\" \/><\/a><\/figure><\/div>\n\n\n\n<p><strong>Une promesse d\u2019ind\u00e9pendance<\/strong><\/p>\n\n\n\n<p>Le 19 mai 1514, le jeune Fran\u00e7ois d\u2019Angoul\u00eame, futur Fran\u00e7ois 1<sup>er<\/sup> (1494-1547), \u00e9pouse Claude de France (1499-1523), h\u00e9riti\u00e8re du Duch\u00e9 de Bretagne.<\/p>\n\n\n\n<p>Par ce mariage, le riche et puissant territoire perd son ind\u00e9pendance.<\/p>\n\n\n\n<p>Chacun porte alors le deuil de la duchesse-reine Anne (1477-1514), morte quatre mois auparavant.<\/p>\n\n\n\n<p>En r\u00e9alit\u00e9, c\u2019est surtout l\u2019enterrement d\u2019une promesse faite par une petite fille \u00e0 son p\u00e8re sur son lit de mort, 26 ans plus t\u00f4t&nbsp;: celle de ne jamais assujettir la Bretagne au royaume de France.<\/p>\n\n\n\n<p>Intraitable, Anne a d\u00fb conqu\u00e9rir par la force et la diplomatie le tr\u00f4ne ducal auquel elle n\u2019avait pas droit du fait qu\u2019elle \u00e9tait une femme. Mais, pour s\u2019y maintenir, le mariage \u00e9tait n\u00e9cessaire\u2026 y compris avec son pire ennemi.<\/p>\n\n\n\n<p>Reine de France une premi\u00e8re fois en 1491, \u00e0 14&nbsp;ans, apr\u00e8s son mariage avec le roi de France Charles&nbsp;VIII (1470-1498) et une deuxi\u00e8me fois en 1499, \u00e0 21&nbsp;ans, apr\u00e8s un second mariage avec le roi Louis&nbsp;XII (1462-1515), Anne de Bretagne r\u00e9sista aux pressions en assumant un v\u00e9ritable r\u00f4le de femme d\u2019\u00c9tat, marquant l\u2019Histoire bien plus que ses d\u00e9funts \u00e9poux royaux.<\/p>\n\n\n\n<p>Quand elle d\u00e9c\u00e8de en 1514, elle n\u2019a pas encore 37 ans et la Bretagne n\u2019est toujours pas int\u00e9gr\u00e9e au royaume de France.<\/p>\n\n\n\n<p>Trois Bretons, Bertrand Galic, Gwendal Lemercier et Claire L\u2019Ho\u00ebr, font revivre la geste de cette duchesse-reine qui marqua son \u00e9poque par sa r\u00e9sistance et s\u2019imposa au fil du temps comme l\u2019un des personnages les plus populaires de Bretagne, dont le destin contrari\u00e9 aboutit au rattachement de son cher duch\u00e9 au royaume de France.<\/p>\n\n\n\n<div class=\"wp-block-image\"><figure class=\"aligncenter size-full\"><a href=\"https:\/\/www.satiricon.be\/wp-content\/uploads\/2025\/05\/Fort-Alamo-.jpg\"><img loading=\"lazy\" width=\"262\" height=\"350\" src=\"https:\/\/www.satiricon.be\/wp-content\/uploads\/2025\/05\/Fort-Alamo-.jpg\" alt=\"\" class=\"wp-image-24747\" srcset=\"https:\/\/www.satiricon.be\/wp-content\/uploads\/2025\/05\/Fort-Alamo-.jpg 262w, https:\/\/www.satiricon.be\/wp-content\/uploads\/2025\/05\/Fort-Alamo--225x300.jpg 225w\" sizes=\"(max-width: 262px) 100vw, 262px\" \/><\/a><\/figure><\/div>\n\n\n\n<p><strong><em>Fort Alamo<\/em><\/strong><strong>, la victoire ou la mort&nbsp;!<\/strong><\/p>\n\n\n\n<p>Ind\u00e9pendant de l\u2019Espagne depuis 1821, le Mexique, faute de ressources suffisantes pour mettre en valeur ses territoires situ\u00e9s au nord du Rio Grande, fit le choix d\u2019ouvrir le Texas \u00e0 la colonisation \u00e9trang\u00e8re.<\/p>\n\n\n\n<p>Plus de trente mille colons majoritairement originaires des \u00c9tats-Unis voisins s\u2019install\u00e8rent dans ce nouvel eldorado, peu soumis \u00e0 l\u2019autorit\u00e9 lointaine et instable de Mexico.<\/p>\n\n\n\n<p>Peu \u00e0 peu, ils r\u00e9clam\u00e8rent le droit \u00e0 l\u2019autod\u00e9termination et, \u00e0 l\u2019automne 1835, une lutte pour l\u2019ind\u00e9pendance prit naissance.<\/p>\n\n\n\n<p>Souhaitant d\u00e9fendre l\u2019int\u00e9grit\u00e9 de son pays, le g\u00e9n\u00e9ral mexicain Antonio L\u00f3pez de Santa Anna y P\u00e9rez de Lebr\u00f3 (1794-1876) prit la t\u00eate d\u2019un puissant corps exp\u00e9ditionnaire pour an\u00e9antir l\u2019insurrection qui, sans arm\u00e9e, sans argent et sans gouvernement l\u00e9gal, semblait vou\u00e9e \u00e0 l\u2019\u00e9chec.<\/p>\n\n\n\n<p>Les Texans d\u00e9cid\u00e8rent alors de d\u00e9fendre la ville de San Antonio, d\u2019une grande valeur strat\u00e9gique.<\/p>\n\n\n\n<p>Command\u00e9s par le lieutenant-colonel William Travis (1809-1836) et l\u2019aventurier Jim Bowie (1796-1836), bient\u00f4t rejoints par le c\u00e9l\u00e8bre pionnier et ancien congressiste du Tennessee Davy Crockett (1786-1836), pr\u00e8s de cent soixante hommes se retranch\u00e8rent derri\u00e8re les murs d\u00e9labr\u00e9s et h\u00e2tivement fortifi\u00e9s de l\u2019\u00c1lamo, une ancienne mission franciscaine aux abords de la ville de San Antonio.<\/p>\n\n\n\n<p>Le 24 f\u00e9vrier 1836, l\u2019arriv\u00e9e des troupes mexicaines, plus de dix fois sup\u00e9rieures en nombre, prit la garnison du fort totalement au d\u00e9pourvu\u2026<\/p>\n\n\n\n<p>Apr\u00e8s leur d\u00e9faite survenue le 6&nbsp;mars 1836 \u00e0 l\u2019issue d\u2019une r\u00e9sistance h\u00e9ro\u00efque, les corps des Texans tu\u00e9s au combat furent empil\u00e9s et br\u00fbl\u00e9s.<\/p>\n\n\n\n<p>La cruaut\u00e9 apparente de Santa Anna pendant la bataille poussa de nombreux colons et aventuriers am\u00e9ricains \u00e0 rejoindre l\u2019arm\u00e9e texane.<\/p>\n\n\n\n<p>Pouss\u00e9s par l\u2019envie de prendre leur revanche, le 21&nbsp;avril 1836, les Texans battirent l\u2019arm\u00e9e mexicaine \u00e0 la bataille de San Jacinto, un affrontement \u00e0 l\u2019issue duquel le g\u00e9n\u00e9ral Santa Anna fut captur\u00e9, ce qui le contraignit \u00e0 signer le 14&nbsp;mai 1836 les trait\u00e9s de Velasco \u00e9tablissant l\u2019ind\u00e9pendance du Texas.<\/p>\n\n\n\n<p>Les treize jours du si\u00e8ge de Fort Alamo sont rest\u00e9s grav\u00e9s dans la m\u00e9moire collective des Am\u00e9ricains, incarnant autant une \u00e9tape cl\u00e9 de la construction nationale des \u00c9tats-Unis qu\u2019une le\u00e7on de courage, de solidarit\u00e9 et de r\u00e9solution face \u00e0 l\u2019adversit\u00e9.<\/p>\n\n\n\n<p>Glorifi\u00e9 par le septi\u00e8me art<a href=\"#_ftn1\" id=\"_ftnref1\">[1]<\/a>, cet \u00e9pisode dramatique fait aujourd\u2019hui partie int\u00e9grante de la mythologie am\u00e9ricaine et de la saga du Texas<a href=\"#_ftn2\" id=\"_ftnref2\">[2]<\/a>.<\/p>\n\n\n\n<div class=\"wp-block-image\"><figure class=\"aligncenter size-full\"><a href=\"https:\/\/www.satiricon.be\/wp-content\/uploads\/2025\/05\/White-only.jpeg\"><img loading=\"lazy\" width=\"257\" height=\"350\" src=\"https:\/\/www.satiricon.be\/wp-content\/uploads\/2025\/05\/White-only.jpeg\" alt=\"\" class=\"wp-image-24746\" srcset=\"https:\/\/www.satiricon.be\/wp-content\/uploads\/2025\/05\/White-only.jpeg 257w, https:\/\/www.satiricon.be\/wp-content\/uploads\/2025\/05\/White-only-220x300.jpeg 220w\" sizes=\"(max-width: 257px) 100vw, 257px\" \/><\/a><\/figure><\/div>\n\n\n\n<p><strong><em>White only<\/em><\/strong><strong>, l\u2019histoire de la premi\u00e8re championne de tennis noire<\/strong><\/p>\n\n\n\n<p>\u00ab&nbsp;<em>Harlem, 1940. Enfant des quartiers pauvres, Althea Gibson (1927-2003) n\u2019aime pas l\u2019\u00e9cole. Elle pr\u00e9f\u00e8re le tennis et veut prouver \u00e0 son p\u00e8re qu\u2019elle peut devenir une championne. Mais les grands tournois am\u00e9ricains sont organis\u00e9s par des Blancs et interdits aux Noirs. Althea ne changera pas de r\u00eave. C\u2019est le monde qui changera<\/em>.&nbsp;\u00bb<\/p>\n\n\n\n<p>En effet, douze ans avant Arthur Ashe (1943-1993) chez les hommes et plus de quarante ans avant les s\u0153urs Venus (\u00b01980) et Serena (\u00b01981) Williams, dans une Am\u00e9rique profond\u00e9ment marqu\u00e9e par la s\u00e9gr\u00e9gation raciale, elle fut la premi\u00e8re Noire \u00e0 remporter un titre du Grand Chelem<a href=\"#_ftn3\" id=\"_ftnref3\">[3]<\/a>, en 1956 \u00e0 Roland-Garros, et \u00e0 participer \u00e0 l\u2019<em>US Women\u2019s National Championship <\/em>\u00e0 Forest Hills, l\u2019ann\u00e9e suivante, une comp\u00e9tition qu\u2019elle remporta.<\/p>\n\n\n\n<p>En 1957 et 1958, elle rafla le doubl\u00e9 Wimbledon-Internationaux des \u00c9tats-Unis (pr\u00e9curseur de l\u2019US Open) et fut \u00e9lue deux fois \u00ab&nbsp;Athl\u00e8te f\u00e9minine de l\u2019ann\u00e9e&nbsp;\u00bb par l\u2019Associated Press.<\/p>\n\n\n\n<p>Althea Gibson compte aussi cinq titres du Grand Chelem en double dames, dont trois cons\u00e9cutifs \u00e0 Wimbledon (1956-1958), ainsi qu\u2019un titre en double mixte.<\/p>\n\n\n\n<p>Au cours de sa carri\u00e8re, elle a totalis\u00e9 onze titres dans les tournois du grand Chelem.<\/p>\n\n\n\n<div class=\"wp-block-image\"><figure class=\"aligncenter size-full\"><a href=\"https:\/\/www.satiricon.be\/wp-content\/uploads\/2025\/05\/Tumpie-\u2013-La-jeunesse-tumultueuse-de-Josephine-Baker.jpeg\"><img loading=\"lazy\" width=\"257\" height=\"350\" src=\"https:\/\/www.satiricon.be\/wp-content\/uploads\/2025\/05\/Tumpie-\u2013-La-jeunesse-tumultueuse-de-Josephine-Baker.jpeg\" alt=\"\" class=\"wp-image-24745\" srcset=\"https:\/\/www.satiricon.be\/wp-content\/uploads\/2025\/05\/Tumpie-\u2013-La-jeunesse-tumultueuse-de-Josephine-Baker.jpeg 257w, https:\/\/www.satiricon.be\/wp-content\/uploads\/2025\/05\/Tumpie-\u2013-La-jeunesse-tumultueuse-de-Josephine-Baker-220x300.jpeg 220w\" sizes=\"(max-width: 257px) 100vw, 257px\" \/><\/a><\/figure><\/div>\n\n\n\n<p><strong><em>Tumpie<\/em><\/strong><strong>, l\u2019enfance d\u2019une vedette mondiale<\/strong><\/p>\n\n\n\n<p>Freda Josephine McDonald, dite Jos\u00e9phine Baker, \u00e9tait une chanteuse, danseuse, actrice, meneuse de revue et r\u00e9sistante fran\u00e7aise d\u2019origine am\u00e9ricaine, n\u00e9e le 3 juin 1906 \u00e0 Saint-Louis (Missouri, \u00c9tats-Unis) et morte le 12 avril 1975 \u00e0 Paris (France).<\/p>\n\n\n\n<p>Dans son enfance, on la surnommait Tumpie et elle grandit dans la mis\u00e8re. Elle fut \u00e9lev\u00e9e par une m\u00e8re chanteuse dans une Am\u00e9rique o\u00f9 la violence \u00e0 l\u2019encontre des Afro-Am\u00e9ricains \u00e9tait omnipr\u00e9sente, et rien ne la pr\u00e9destinait \u00e0 conqu\u00e9rir le music-hall parisien dans les ann\u00e9es 1920.<\/p>\n\n\n\n<p>Enfant, elle quitta l\u2019\u00e9cole et travailla comme domestique dans des familles ais\u00e9es pour subvenir aux besoins de la fratrie. Malgr\u00e9 les mauvais traitements, la fillette affichait un temp\u00e9rament solaire et un large sourire permanent. Elle improvisait des spectacles et n\u2019avait qu\u2019un seul r\u00eave&nbsp;: devenir danseuse.<\/p>\n\n\n\n<p>Mari\u00e9e une premi\u00e8re fois \u00e0 13&nbsp;ans et une deuxi\u00e8me fois \u00e0 15&nbsp;ans, elle partit ensuite en tourn\u00e9e avec une troupe itin\u00e9rante. En 1922, elle gagna New York o\u00f9 elle se produisit notamment au <em>Plantation Club<\/em>., un tremplin pour Paris qu\u2019elle a atteint en 1924.<\/p>\n\n\n\n<p>En 1925, <em>La Revue N\u00e8gre<\/em> en a fait une vedette.<\/p>\n\n\n\n<p>Pour la fillette du Missouri qui marchait hier encore pieds nus, le chemin du succ\u00e8s la m\u00e8nera \u00e0 sillonner le monde.<\/p>\n\n\n\n<div class=\"wp-block-image\"><figure class=\"aligncenter size-full\"><a href=\"https:\/\/www.satiricon.be\/wp-content\/uploads\/2025\/05\/24-heures-du-Mans-1975-1978-\u2013-Lart-dans-la-course-.jpg\"><img loading=\"lazy\" width=\"262\" height=\"350\" src=\"https:\/\/www.satiricon.be\/wp-content\/uploads\/2025\/05\/24-heures-du-Mans-1975-1978-\u2013-Lart-dans-la-course-.jpg\" alt=\"\" class=\"wp-image-24744\" srcset=\"https:\/\/www.satiricon.be\/wp-content\/uploads\/2025\/05\/24-heures-du-Mans-1975-1978-\u2013-Lart-dans-la-course-.jpg 262w, https:\/\/www.satiricon.be\/wp-content\/uploads\/2025\/05\/24-heures-du-Mans-1975-1978-\u2013-Lart-dans-la-course--225x300.jpg 225w\" sizes=\"(max-width: 262px) 100vw, 262px\" \/><\/a><\/figure><\/div>\n\n\n\n<p><a><strong>L\u2019art<\/strong> <strong>dans toute sa puissance<\/strong><\/a><\/p>\n\n\n\n<p><a>V\u00e9ritable esth\u00e8te, le commissaire-priseur Herv\u00e9 Poulain est \u00e9galement un passionn\u00e9 de vitesse et de course automobile. Jeune pilote amateur, il r\u00eavait depuis toujours de participer aux 24 Heures du Mans et pensait ce r\u00eave inaccessible\u2026 jusqu\u2019au jour o\u00f9 il fit part \u00e0 la direction de BMW Motorsport de son id\u00e9e de promouvoir l\u2019art en confiant l\u2019habillage de voitures de course \u00e0 des artistes contemporains.<\/a><\/p>\n\n\n\n<p>Le constructeur allemand fut s\u00e9duit par le projet et proposa de fournir une de ses 3.0&nbsp;CSL \u00e0 la condition qu\u2019aucun autre sponsor ne soit pr\u00e9sent sur la carrosserie et que BMW reste propri\u00e9taire de la voiture apr\u00e8s la course. C\u2019est ainsi qu\u2019en 1975 est n\u00e9 le concept des \u00ab&nbsp;Art cars&nbsp;\u00bb, avec une premi\u00e8re voiture peinte par Alexander Calder qui fit sensation lors de l\u2019\u00e9preuve mancelle.<\/p>\n\n\n\n<p>Les ann\u00e9es suivantes, Frank Stella, Roy Lichtenstein ou encore Andy Warhol succ\u00e9deront \u00e0 Calder et, m\u00eame si aucune voiture ne monta sur le podium, cela reste une immense victoire pour Herv\u00e9 Poulain qui a r\u00e9ussi son pari&nbsp;: associer la comp\u00e9tition, le design et l\u2019art.<\/p>\n\n\n\n<p>V\u00e9ritables \u0153uvres d\u2019art roulantes, ces pi\u00e8ces uniques sont aujourd\u2019hui conserv\u00e9es au Mus\u00e9e BMW \u00e0 Munich.<\/p>\n\n\n\n<p>Pr\u00e9fac\u00e9 par Herv\u00e9 Poulain, ce onzi\u00e8me album consacr\u00e9 aux 24 Heures du Mans en bande dessin\u00e9e revient en 2024 sur un projet visionnaire l\u2019ann\u00e9e m\u00eame o\u00f9 BMW fait son grand retour au Mans avec une nouvelle \u00ab&nbsp;Art Car&nbsp;\u00bb r\u00e9alis\u00e9e par l\u2019artiste \u00e9thiopienne Julie Mehretu.<\/p>\n\n\n\n<div class=\"wp-block-image\"><figure class=\"aligncenter size-full\"><a href=\"https:\/\/www.satiricon.be\/wp-content\/uploads\/2025\/05\/24-heures-du-Mans-1979-1980-\u2013-Lenfant-du-pays.jpeg\"><img loading=\"lazy\" width=\"262\" height=\"350\" src=\"https:\/\/www.satiricon.be\/wp-content\/uploads\/2025\/05\/24-heures-du-Mans-1979-1980-\u2013-Lenfant-du-pays.jpeg\" alt=\"\" class=\"wp-image-24743\" srcset=\"https:\/\/www.satiricon.be\/wp-content\/uploads\/2025\/05\/24-heures-du-Mans-1979-1980-\u2013-Lenfant-du-pays.jpeg 262w, https:\/\/www.satiricon.be\/wp-content\/uploads\/2025\/05\/24-heures-du-Mans-1979-1980-\u2013-Lenfant-du-pays-225x300.jpeg 225w\" sizes=\"(max-width: 262px) 100vw, 262px\" \/><\/a><\/figure><\/div>\n\n\n\n<p><strong>Jean Rondeau \u2013 David contre Goliath<\/strong><\/p>\n\n\n\n<p>Dans la m\u00e9moire de tous les aficionados du Mans, Jean Rondeau demeure \u00ab&nbsp;l\u2019enfant du pays&nbsp;\u00bb.<\/p>\n\n\n\n<p><a>C\u2019\u00e9tait un pilote et constructeur automobile fran\u00e7ais, n\u00e9 le 13 mai 1946 au Mans (Sarthe) et mort percut\u00e9 par un train le 27 d\u00e9cembre 1985 \u00e0 Champagn\u00e9 (Sarthe).<\/a><\/p>\n\n\n\n<p>Il est le seul \u00e0 avoir remport\u00e9 les \u00ab&nbsp;24 Heures&nbsp;\u00bb (en 1980) au volant d\u2019une auto portant son nom, la Rondeau M379, construite au Mans, par sa propre \u00e9quipe, face \u00e0 une armada de grands constructeurs <a>(Porsche, Ferrari, BMW, Lancia, Lola, Chevrolet&#8230;).<\/a><\/p>\n\n\n\n<p>La saga des Inaltera, puis des Automobiles Jean Rondeau fait aujourd\u2019hui figure d\u2019\u00e9pop\u00e9e antique et mythique, qu\u2019aucun homme de la course ne peut raisonnablement esp\u00e9rer reproduire.<\/p>\n\n\n\n<p>Pourtant, au-del\u00e0 de l\u2019exploit technique et sportif, cette histoire respire le romantisme, l\u2019ambition, la d\u00e9termination, la trahison, l\u2019amour et la mort.<\/p>\n\n\n\n<p>Tous les ingr\u00e9dients de la trag\u00e9die antique sont l\u00e0&nbsp;: la qu\u00eate de la gloire, le triomphe, la chute et la mort.<\/p>\n\n\n\n<p>Mais ici, c\u2019est dans \u00ab&nbsp;la vraie vie&nbsp;\u00bb, ce qui fait que ce r\u00e9cit est bien davantage qu\u2019une simple histoire de course automobile<a href=\"#_ftn4\" id=\"_ftnref4\">[4]<\/a>\u2026<\/p>\n\n\n\n<p><strong>P\u00c9TRONE <\/strong><\/p>\n\n\n\n<p class=\"has-small-font-size\"><strong><em>Anne de Bretagne <\/em><\/strong>par Bertrand Galic, Gwendal Lemercier et Claire L\u2019Ho\u00ebr, Grenoble, \u00c9ditions Gl\u00e9nat et Paris, \u00c9ditions Fayard, mai&nbsp;2025, 56&nbsp;pp. en quadrichromie au format 24&nbsp;x&nbsp;32&nbsp;cm sous couverture cartonn\u00e9e en couleurs, 14,95&nbsp;\u20ac (prix France)<\/p>\n\n\n\n<p class=\"has-small-font-size\"><strong><em>Fort Alamo <\/em><\/strong>par Mathieu Gabella, Paolo Martinello et Ronan Toulhoat, Grenoble, \u00c9ditions Gl\u00e9nat et Paris, \u00c9ditions Fayard, mai&nbsp;2025, 56&nbsp;pp. en quadrichromie au format 24&nbsp;x&nbsp;32&nbsp;cm sous couverture cartonn\u00e9e en couleurs, 14,95&nbsp;\u20ac (prix France)<\/p>\n\n\n\n<p class=\"has-small-font-size\"><strong><em>White only <\/em><\/strong>par Julien Frey et Sylvain Dorange, conseils historiques de Farid Ameur, Grenoble, \u00c9ditions Gl\u00e9nat, f\u00e9vrier&nbsp;2025, 152&nbsp;pp. en quadrichromie au format 21,5&nbsp;x&nbsp;29,3&nbsp;cm sous couverture cartonn\u00e9e en couleurs, 23,00&nbsp;\u20ac (prix France)<\/p>\n\n\n\n<p class=\"has-small-font-size\"><strong><em>Tumpie&nbsp;\u2013&nbsp;La jeunesse tumultueuse de Jos\u00e9phine Baker <\/em><\/strong>par Jean-Luc Cornette et Agnese Innocente, Grenoble, \u00c9ditions Gl\u00e9nat, collection \u00ab&nbsp;1000 Feuilles&nbsp;\u00bb, avril&nbsp;2025, 127&nbsp;pp. en quadrichromie au format 21,5&nbsp;x&nbsp;29,3&nbsp;cm sous couverture cartonn\u00e9e en couleurs, 15,99&nbsp;\u20ac (prix France)<\/p>\n\n\n\n<p class=\"has-small-font-size\"><strong><em>24 heures du Mans 1975-1978 \u2013 L\u2019art dans la course <\/em><\/strong>par Denis Bernard et Christian Papazoglakis, Grenoble, \u00c9ditions Gl\u00e9nat, collection \u00ab&nbsp;Plein Gaz&nbsp;\u00bb, mai&nbsp;2024, 48&nbsp;pp. en quadrichromie au format 24&nbsp;x&nbsp;32&nbsp;cm sous couverture cartonn\u00e9e en couleurs, 14,50&nbsp;\u20ac (prix France)<\/p>\n\n\n\n<p class=\"has-small-font-size\"><a><\/a><a><strong><em>24 heures du Mans 1979-1980 \u2013 L\u2019enfant du pays <\/em><\/strong><\/a>par Pascal Dro et Christian Papazoglakis, Grenoble, \u00c9ditions Gl\u00e9nat, collection \u00ab&nbsp;Plein Gaz&nbsp;\u00bb, mai&nbsp;2025, 48&nbsp;pp. en quadrichromie au format 24&nbsp;x&nbsp;32&nbsp;cm sous couverture cartonn\u00e9e en couleurs, 14,50&nbsp;\u20ac (prix France)<\/p>\n\n\n\n<hr class=\"wp-block-separator\" \/>\n\n\n\n<p><a href=\"#_ftnref1\" id=\"_ftn1\">[1]<\/a> L\u2019Alamo a \u00e9t\u00e9 illustr\u00e9 \u00e0 de nombreuses reprises par le cin\u00e9ma et la t\u00e9l\u00e9vision. Le premier r\u00e9cit cin\u00e9matographique de la bataille fut <em>The Immortal Alamo <\/em>de William F.&nbsp;Haddock en 1911. L\u2019affrontement fut popularis\u00e9 dans <em>Davy Crockett at the Alamo<\/em>, le 3<sup>e&nbsp;<\/sup>\u00e9pisode de la s\u00e9rie t\u00e9l\u00e9vis\u00e9e <em>Davy Crockett<\/em> r\u00e9alis\u00e9 par Norman Foster en 1955. La m\u00eame ann\u00e9e, Frank Lloyd rappelait l\u2019\u00e9v\u00e9nement dans le film <em>Quand le clairon sonnera<\/em>. D\u2019autres productions cin\u00e9matographiques lui furent consacr\u00e9es&nbsp;: <em>The Immortal Alamo<\/em>, film muet de Gaston M\u00e9li\u00e8s (1911)&nbsp;; <em>Alamo<\/em> de et avec John Wayne (1960)&nbsp;; <em>Alamo<\/em> de John Lee Hancock (2004). Par ailleurs, de nombreux musiciens ont \u00e9t\u00e9 inspir\u00e9s par la bataille&nbsp;: <em>La Ballade de Davy Crockett<\/em> de Tennessee Ernie Ford (1919-1991) resta seize semaines au palmar\u00e8s country am\u00e9ricain en 1955. Marty Robbins (1925-1982) enregistra une version de la chanson <em>The Ballad of the Alamo<\/em> en 1960 qui resta treize semaines parmi les meilleures ventes. La chanson <em>Remember the Alamo<\/em> de Jane Bowers (1921-2000) fut reprise par de nombreux artistes dont Johnny Cash (1932-2003) et Donovan (\u00b01946).<\/p>\n\n\n\n<p><a href=\"#_ftnref2\" id=\"_ftn2\">[2]<\/a> Sources&nbsp;: \u00e9ditions Gl\u00e9nat et Wikip\u00e9dia.<\/p>\n\n\n\n<p><a href=\"#_ftnref3\" id=\"_ftn3\">[3]<\/a> Au tennis, le Grand Chelem est le fait de remporter, la m\u00eame ann\u00e9e, les quatre tournois majeurs du circuit international organis\u00e9s sous l\u2019\u00e9gide de la F\u00e9d\u00e9ration internationale de tennis. Ceux-ci sont ainsi appel\u00e9s \u00ab&nbsp;tournois du Grand Chelem&nbsp;\u00bb. Ces quatre tournois sont&nbsp;: 1) l\u2019Open d\u2019Australie \u00e0 Melbourne 2) les Internationaux de France de tennis (\u00e9galement appel\u00e9s \u00ab&nbsp;Roland-Garros&nbsp;\u00bb) \u00e0 Paris 3) le tournoi de Wimbledon \u00e0 Londres 4) l\u2019US Open \u00e0 New York.<\/p>\n\n\n\n<p><a href=\"#_ftnref4\" id=\"_ftn4\">[4]<\/a> Sources&nbsp;: \u00c9ditions Gl\u00e9nat et Wikip\u00e9dia.<\/p>\n","protected":false},"excerpt":{"rendered":"<p>Par P\u00e9trone.<\/p>\n","protected":false},"author":2,"featured_media":0,"comment_status":"closed","ping_status":"open","sticky":false,"template":"","format":"standard","meta":[],"categories":[11,53],"tags":[],"_links":{"self":[{"href":"https:\/\/www.satiricon.be\/index.php?rest_route=\/wp\/v2\/posts\/24742"}],"collection":[{"href":"https:\/\/www.satiricon.be\/index.php?rest_route=\/wp\/v2\/posts"}],"about":[{"href":"https:\/\/www.satiricon.be\/index.php?rest_route=\/wp\/v2\/types\/post"}],"author":[{"embeddable":true,"href":"https:\/\/www.satiricon.be\/index.php?rest_route=\/wp\/v2\/users\/2"}],"replies":[{"embeddable":true,"href":"https:\/\/www.satiricon.be\/index.php?rest_route=%2Fwp%2Fv2%2Fcomments&post=24742"}],"version-history":[{"count":1,"href":"https:\/\/www.satiricon.be\/index.php?rest_route=\/wp\/v2\/posts\/24742\/revisions"}],"predecessor-version":[{"id":24749,"href":"https:\/\/www.satiricon.be\/index.php?rest_route=\/wp\/v2\/posts\/24742\/revisions\/24749"}],"wp:attachment":[{"href":"https:\/\/www.satiricon.be\/index.php?rest_route=%2Fwp%2Fv2%2Fmedia&parent=24742"}],"wp:term":[{"taxonomy":"category","embeddable":true,"href":"https:\/\/www.satiricon.be\/index.php?rest_route=%2Fwp%2Fv2%2Fcategories&post=24742"},{"taxonomy":"post_tag","embeddable":true,"href":"https:\/\/www.satiricon.be\/index.php?rest_route=%2Fwp%2Fv2%2Ftags&post=24742"}],"curies":[{"name":"wp","href":"https:\/\/api.w.org\/{rel}","templated":true}]}}