{"id":24758,"date":"2025-05-31T17:28:41","date_gmt":"2025-05-31T15:28:41","guid":{"rendered":"https:\/\/www.satiricon.be\/?p=24758"},"modified":"2025-05-31T17:48:17","modified_gmt":"2025-05-31T15:48:17","slug":"meurtres-en-masse","status":"publish","type":"post","link":"https:\/\/www.satiricon.be\/?p=24758","title":{"rendered":"Meurtres en masse&#8230;"},"content":{"rendered":"\n<div class=\"wp-block-image\"><figure class=\"aligncenter size-full\"><a href=\"https:\/\/www.satiricon.be\/wp-content\/uploads\/2025\/05\/Sur-ordre-dHitler-\u2013-Crimes-passes-inapercus-1933-1945.jpeg\"><img loading=\"lazy\" width=\"225\" height=\"350\" src=\"https:\/\/www.satiricon.be\/wp-content\/uploads\/2025\/05\/Sur-ordre-dHitler-\u2013-Crimes-passes-inapercus-1933-1945.jpeg\" alt=\"\" class=\"wp-image-24759\" srcset=\"https:\/\/www.satiricon.be\/wp-content\/uploads\/2025\/05\/Sur-ordre-dHitler-\u2013-Crimes-passes-inapercus-1933-1945.jpeg 225w, https:\/\/www.satiricon.be\/wp-content\/uploads\/2025\/05\/Sur-ordre-dHitler-\u2013-Crimes-passes-inapercus-1933-1945-193x300.jpeg 193w\" sizes=\"(max-width: 225px) 100vw, 225px\" \/><\/a><\/figure><\/div>\n\n\n\n<p>Auteur de nombreux ouvrages qui font autorit\u00e9<a href=\"#_ftn1\" id=\"_ftnref1\">[1]<\/a>, ancien \u00e9l\u00e8ve de l\u2019\u00c9cole normale sup\u00e9rieure, docteur de l\u2019Universit\u00e9 Paris&nbsp;1 Panth\u00e9on-Sorbonne habilit\u00e9 \u00e0 diriger des recherches en histoire, Fran\u00e7ois Delpla (\u00b01948) est un grand sp\u00e9cialiste du nazisme et de la Seconde Guerre mondiale.<\/p>\n\n\n\n<p>Il publie, aux \u00c9ditions du Cerf \u00e0 Paris, <strong><em>Sur ordre d\u2019Hitler&nbsp;\u2013&nbsp;Crimes pass\u00e9s inaper\u00e7us (1933-1945)<\/em><\/strong>, une enqu\u00eate serr\u00e9e et \u00e9clairante sur un pan obscur des abominations commises par le peintre autrichien rat\u00e9&nbsp;\u2013&nbsp;et criminel h\u00e9las r\u00e9ussi&nbsp;\u2013&nbsp;qui fut \u00e0 l\u2019initiative d\u2019innombrables meurtres de masse et de g\u00e9nocides perp\u00e9tr\u00e9s dans des camps de concentration ou d\u2019extermination et presque partout en Europe durant la Seconde Guerre mondiale.<\/p>\n\n\n\n<p>Car nombreux sont ceux qui ignorent que le F\u00fchrer fut aussi un assassin ayant commandit\u00e9 et parfois particip\u00e9 lui-m\u00eame \u00e0 des meurtres cibl\u00e9s.<\/p>\n\n\n\n<p>\u00ab&nbsp;La nuit des Longs Couteaux<a href=\"#_ftn2\" id=\"_ftnref2\">[2]<\/a>, en juin 1934, en est le pr\u00e9lude&nbsp;\u00bb, \u00e9crit Fran\u00e7ois Delpla qui lui consacre un chapitre de son ouvrage. \u00ab&nbsp;Hitler en personne vient arr\u00eater dans un h\u00f4tel<a href=\"#_ftn3\" id=\"_ftnref3\">[3]<\/a>, pistolet au poing \u00e0 la mani\u00e8re d\u2019un gangster, son compagnon de route, le chef des sections d\u2019assaut, Ernst R\u00f6hm<a href=\"#_ftn4\" id=\"_ftnref4\">[4]<\/a>. Refusant le suicide en prison, R\u00f6hm est ex\u00e9cut\u00e9 \u00e0 la va-vite par un SS<a href=\"#_ftn5\" id=\"_ftnref5\">[5]<\/a>.&nbsp;\u00bb<\/p>\n\n\n\n<p>L\u2019auteur passe aussi en revue, dans 33&nbsp;autres chapitres, une kyrielle d\u2019ex\u00e9cutions oubli\u00e9es et de morts suspectes, notamment celles de l\u2019ex-chancelier imp\u00e9rial Bernhard von B\u00fclow (1849-1929), du mar\u00e9chal et pr\u00e9sident du Reich Paul von Hindenburg (1847-1934), du pape Pie&nbsp;XI (1857-1939), du ministre nazi de l\u2019Armement Fritz Todt (1891-1942), du roi Boris&nbsp;III de Bulgarie (1894-1943), du comte italien Galeazzo Ciano<a href=\"#_ftn6\" id=\"_ftnref6\">[6]<\/a> (1903-1944), du g\u00e9n\u00e9ral allemand Hans von Sponeck (1888-1944), des anciens ministres fran\u00e7ais Marx Dormoy (1888-1941), Georges Mandel (1885-1944) et Jean Zay (1904-1944), du g\u00e9n\u00e9ral fran\u00e7ais Henri Mordacq (1868-1943), de la princesse italienne Mafalda de Savoie (1902-1944), du chef communiste allemand Ernst Th\u00e4lmann (1886-1944) et d\u2019anonymes comme Mildred Fish, Bruno L\u00fcdke, Otto Schmidt, Paul et Ludwig Kompalla, Erika von Brockdorff, Johan Heinenn, Paul M\u00fcller, August Dickmann, Hermann St\u00f6hr, Franz J\u00e4gerst\u00e4tter, Markus Luftglass, V\u00e9ra Obolensky et bien d\u2019autres&#8230;<\/p>\n\n\n\n<p>Et m\u00eame d\u2019inf\u00e2mes collabos fran\u00e7ais comme Jacques Schweblin (1901-1945) et Eug\u00e8ne Deloncle (1890-1944)&nbsp;!<\/p>\n\n\n\n<p>Dans ce <em>page-turner<\/em>, Fran\u00e7ois Delpla enqu\u00eate avec minutie sur ces <em>cold cases<\/em>, compare les hypoth\u00e8ses, en \u00e9chafaude parfois d\u2019autres, analyse les causes, \u00e9value les cons\u00e9quences et fait appara\u00eetre la pr\u00e9m\u00e9ditation.<\/p>\n\n\n\n<p>Le tout prouvant la responsabilit\u00e9 d\u2019Hitler\u2026<\/p>\n\n\n\n<p><strong>P\u00c9TRONE <\/strong><\/p>\n\n\n\n<p class=\"has-small-font-size\"><strong><em>Sur ordre d\u2019Hitler&nbsp;\u2013&nbsp;Crimes pass\u00e9s inaper\u00e7us (1933-1945) <\/em><\/strong>par Fran\u00e7ois Delpla, Paris, \u00c9ditions du Cerf, f\u00e9vrier&nbsp;2025, 408&nbsp;pp. en noir et blanc au format 15,5&nbsp;x&nbsp;24&nbsp;cm sous couverture broch\u00e9e en couleurs, 24&nbsp;\u20ac (prix France)<\/p>\n\n\n\n<p><\/p>\n\n\n\n<p class=\"has-text-align-center\"><strong>TABLE DES MATI\u00c8RES<\/strong><\/p>\n\n\n\n<p><em>Introduction<\/em><\/p>\n\n\n\n<p>Chapitre 1. Les meurtres de 1933<\/p>\n\n\n\n<p>Chapitre 2. La nuit des Longs Couteaux<\/p>\n\n\n\n<p>Chapitre 3. Un discours proph\u00e9tique<\/p>\n\n\n\n<p>Chapitre 4. Un meurtre hitl\u00e9rien bien document\u00e9&nbsp;: l\u2019ex\u00e9cution de Galeazzo Ciano<\/p>\n\n\n\n<p>Chapitre 5. Les meurtres de personnalit\u00e9s chr\u00e9tiennes<\/p>\n\n\n\n<p>Chapitre 6. Diplomate, un m\u00e9tier \u00e0 haut risque<\/p>\n\n\n\n<p>Chapitre 7. Fleurs et couronnes pour le g\u00e9n\u00e9ral von Seeckt<\/p>\n\n\n\n<p>Chapitre 8. Les morts de l\u2019Anschluss<\/p>\n\n\n\n<p>Chapitre 9. La r\u00e9pression finement dos\u00e9e de Boh\u00eame-Moravie<\/p>\n\n\n\n<p>Chapitre 10. La nuit de Cristal et ses myst\u00e8res<\/p>\n\n\n\n<p>Chapitre 11. Du c\u00f4t\u00e9 de l\u2019occulte<\/p>\n\n\n\n<p>Chapitre 12. Hitler et la justice&nbsp;: G\u00fcrtner liquid\u00e9<\/p>\n\n\n\n<p>Chapitre 13. Hitler et la justice&nbsp;: le tournant de 1942<\/p>\n\n\n\n<p>Chapitre 14. Les proc\u00e8s manqu\u00e9s<\/p>\n\n\n\n<p>Chapitre 15. L\u2019affaire Blomberg-Fritsch et la mort du d\u00e9nonciateur.<\/p>\n\n\n\n<p>Chapitre 16. Les tr\u00e9pas rapproch\u00e9s de deux premiers ministres<\/p>\n\n\n\n<p>Chapitre 17. D\u2019autres disparitions opportunes<\/p>\n\n\n\n<p>Chapitre 18. Mafalda, la princesse morte d\u2019une op\u00e9ration au bras<\/p>\n\n\n\n<p>Chapitre 19. Pas d\u2019humanistes dans la Wehrmacht&nbsp;!<\/p>\n\n\n\n<p>Chapitre 20. Terroriser les nazis<\/p>\n\n\n\n<p>Chapitre 21. Morts pour Vichy<\/p>\n\n\n\n<p>Chapitre 22. Hitler et l\u2019Orchestre rouge<\/p>\n\n\n\n<p>Chapitre 23. L\u2019assassinat des assassins<\/p>\n\n\n\n<p>Chapitre 24. Kluge&nbsp;: un suicide, vraiment&nbsp;?<\/p>\n\n\n\n<p>Chapitre 25. Le rachat par le front<\/p>\n\n\n\n<p>Chapitre 26. Les suicides : provoqu\u00e9s, invent\u00e9s ou ni\u00e9s<\/p>\n\n\n\n<p>Chapitre 27. Vrais et faux accidents a\u00e9riens<\/p>\n\n\n\n<p>Chapitre 28. La r\u00e9pression de la corruption<\/p>\n\n\n\n<p>Chapitre 29. Le sort du fils de Staline<\/p>\n\n\n\n<p>Chapitre 30. \u00ab&nbsp;La grande \u00e9vasion&nbsp;\u00bb et son ch\u00e2timent<\/p>\n\n\n\n<p>Chapitre 31. Les cibles manqu\u00e9es : Winston Churchill, Otto Strasser et Jozip Broz Tito<\/p>\n\n\n\n<p>Chapitre 32. Disculpations<\/p>\n\n\n\n<p>Chapitre 33. 1945 : le tri final<\/p>\n\n\n\n<p>Chapitre 34. Le sort des premiers t\u00e9moins<\/p>\n\n\n\n<p><em>Conclusion<\/em><\/p>\n\n\n\n<p><em>Annexe&nbsp;: Discours radiodiffus\u00e9 d\u2019Hitler devant le Reichstag, 13 juillet 1934<\/em><\/p>\n\n\n\n<p><em>Sigles<\/em><\/p>\n\n\n\n<p><em>Bibliographie<\/em><\/p>\n\n\n\n<p><em>Index des noms<\/em><\/p>\n\n\n\n<hr class=\"wp-block-separator\" \/>\n\n\n\n<p><a href=\"#_ftnref1\" id=\"_ftn1\">[1]<\/a> <em>Les Papiers secrets du g\u00e9n\u00e9ral Doumenc 1939-1940<\/em> (1991), <em>Montoire&nbsp;: les premiers jours de la collaboration<\/em> (1996), <em>La Ruse nazie. Dunkerque&nbsp;: 24 mai 1940<\/em> (1997), <em>Aubrac&nbsp;: les faits et la calomnie<\/em> (1998), <em>Hitler<\/em> (1999), <em>L\u2019Appel du 18 Juin 1940<\/em> (2000), <em>La Face cach\u00e9e de 1940&nbsp;: comment Churchill r\u00e9ussit \u00e0 prolonger la partie<\/em> (2003, th\u00e8se de doctorat), <em>La Lib\u00e9ration de la France<\/em> (avec Jacques Baumel, 2004), <em>Les Tentatrices du diable&nbsp;: Hitler, la part des femmes<\/em> (2005), <em>Nuremberg face \u00e0 l\u2019histoire<\/em> (2006), <em>Un tragique malentendu&nbsp;: de Gaulle et l\u2019Alg\u00e9rie<\/em> (avec Jacques Baumel, 2006), <em>Qui a tu\u00e9 Georges Mandel (1885-1944)&nbsp;?<\/em> (2008), <em>Mers el-K\u00e9bir<\/em> (2010), <em>Petit Dictionnaire \u00e9nerv\u00e9 de la Seconde Guerre mondiale<\/em> (2010), <em>Churchill et Hitler<\/em> (2012), <em>Hitler. 30 janvier 1933&nbsp;: la v\u00e9ritable histoire<\/em> (2013), <em>Une histoire du Troisi\u00e8me Reich<\/em> (2014), <em>Hitler&nbsp;: propos intimes et politiques 1941-1942, tome&nbsp;I<\/em> (2016), <em>Hitler&nbsp;: propos intimes et politiques 1942-1944, tome&nbsp;II<\/em> (2016), <em>Hitler et P\u00e9tain <\/em>(2018), <em>Martin Bormann, homme de confiance d\u2019Hitler<\/em> (2020).<\/p>\n\n\n\n<p><a href=\"#_ftnref2\" id=\"_ftn2\">[2]<\/a> La nuit des Longs Couteaux est l\u2019expression g\u00e9n\u00e9ralement utilis\u00e9e pour faire r\u00e9f\u00e9rence aux assassinats perp\u00e9tr\u00e9s par les nazis en Allemagne, au sein de leur propre mouvement, entre le vendredi 29&nbsp;juin et le lundi 2&nbsp;juillet 1934, et plus sp\u00e9cifiquement pendant la premi\u00e8re nuit, du 29 au 30&nbsp;juin 1934.<\/p>\n\n\n\n<p><a href=\"#_ftnref3\" id=\"_ftn3\">[3]<\/a> L\u2019h\u00f4tel <em>Hanselbauer<\/em> \u00e0 Bad Wiessee, en Bavi\u00e8re.<\/p>\n\n\n\n<p><a href=\"#_ftnref4\" id=\"_ftn4\">[4]<\/a> Ernst R\u00f6hm \u00e9tait un officier, homme politique et chef de groupe paramilitaire allemand, n\u00e9 le 28&nbsp;novembre 1887 \u00e0 Munich et mort assassin\u00e9 le 1<sup>er&nbsp;<\/sup>juillet 1934 \u00e0 la prison de Stadelheim, \u00e0 Munich. Il \u00e9tait le fondateur de la <em>Sturmabteilung<\/em> (SA) nazie, une force paramilitaire violente de 400&nbsp;000 hommes qui installa \u00e0 partir de 1932 un climat de terreur dans les rues allemandes. Son ex\u00e9cution et celle de nombreux autres membres de la <em>SA<\/em> permirent aux nazis de rassurer les militaires, les conservateurs, et les Allemands en g\u00e9n\u00e9ral, en faisant passer Adolf Hitler, devenu chancelier en janvier 1933, pour le garant de l\u2019ordre dans le pays.<\/p>\n\n\n\n<p><a href=\"#_ftnref5\" id=\"_ftn5\">[5]<\/a> La <em>Schutzstaffel <\/em>(\u00ab&nbsp;escadron de protection&nbsp;\u00bb), plus commun\u00e9ment d\u00e9sign\u00e9e par son sigle<em> SS<\/em>, \u00e9tait une des principales organisations du r\u00e9gime national-socialiste. Fond\u00e9e en avril 1925, initialement charg\u00e9e de la protection rapproch\u00e9e d\u2019Adolf Hitler, la <em>SS<\/em> devint au fil des ann\u00e9es un \u00c9tat dans l\u2019\u00c9tat, accumulant les comp\u00e9tences et les missions et passant du stade de groupuscule \u00e0 celui d\u2019une \u00e9norme organisation. Progressivement, ses domaines d\u2019activit\u00e9 se multipli\u00e8rent. Elle eut une fonction <strong>politique<\/strong>, notamment au travers de l\u2019<em>Allgemeine SS<\/em> (la branche regroupant les unit\u00e9s politiques, administratives et de police de la <em>SS<\/em>), <strong>r\u00e9pressive<\/strong> avec le RSHA (une administration centrale qui dirigeait l\u2019essentiel des organes de r\u00e9pression allemands) et le contr\u00f4le des camps de concentration, <strong>id\u00e9ologique et raciale<\/strong> au travers du <em>Lebensborn<\/em> (une association dont le but \u00e9tait d\u2019acc\u00e9l\u00e9rer la cr\u00e9ation et le d\u00e9veloppement d\u2019une race aryenne parfaitement pure et dominante) et de l\u2019<em>Ahnenerbe<\/em> (un institut de recherches pluridisciplinaire dont le but \u00e9tait notamment de prouver la validit\u00e9 des th\u00e9ories nazies quant \u00e0 la sup\u00e9riorit\u00e9 raciale des Aryens sur les races suppos\u00e9es inf\u00e9rieures), <strong>militaire<\/strong> apr\u00e8s la cr\u00e9ation en 1934 de la <em>SS-VT<\/em> (connue sous le nom de <em>Waffen-SS<\/em> \u00e0 compter de 1940), et devint \u00e9galement un empire <strong>\u00e9conomique<\/strong>. Elle fut aussi le principal organisateur et ex\u00e9cutant de l\u2019extermination des Juifs d\u2019Europe, lors des op\u00e9rations mobiles de tuerie en Pologne et en Union sovi\u00e9tique (la \u00ab&nbsp;Shoah par balles&nbsp;\u00bb) perp\u00e9tr\u00e9es par les <em>Einsatzgruppen<\/em> (\u00ab&nbsp;groupes d\u2019intervention&nbsp;\u00bb), ainsi que par la mise en place des camps d\u2019extermination. Enti\u00e8rement d\u00e9vou\u00e9e \u00e0 Hitler, elle fut dirig\u00e9e pendant la quasi-totalit\u00e9 de son existence par Heinrich Himmler (1900-1945). Travers\u00e9e par de profondes rivalit\u00e9s internes, en conflit permanent avec d\u2019autres organismes, notamment la <em>Wehrmacht<\/em> (l\u2019arm\u00e9e r\u00e9guli\u00e8re) ou diverses personnalit\u00e9s du Troisi\u00e8me Reich, dot\u00e9e d\u2019une organisation complexe, mouvante, accumulant les doubles emplois et les contradictions, elle fut pourtant l\u2019un des instruments les plus efficaces et les plus meurtriers de la terreur nazie.<\/p>\n\n\n\n<p><a id=\"_ftn6\" href=\"#_ftnref6\">[6]<\/a> Le gendre de Benito Mussolini (1883-1945) Source : Wikip\u00e9dia..<\/p>\n","protected":false},"excerpt":{"rendered":"<p>Par P\u00e9trone.<\/p>\n","protected":false},"author":2,"featured_media":0,"comment_status":"closed","ping_status":"open","sticky":false,"template":"","format":"standard","meta":[],"categories":[51,11],"tags":[],"_links":{"self":[{"href":"https:\/\/www.satiricon.be\/index.php?rest_route=\/wp\/v2\/posts\/24758"}],"collection":[{"href":"https:\/\/www.satiricon.be\/index.php?rest_route=\/wp\/v2\/posts"}],"about":[{"href":"https:\/\/www.satiricon.be\/index.php?rest_route=\/wp\/v2\/types\/post"}],"author":[{"embeddable":true,"href":"https:\/\/www.satiricon.be\/index.php?rest_route=\/wp\/v2\/users\/2"}],"replies":[{"embeddable":true,"href":"https:\/\/www.satiricon.be\/index.php?rest_route=%2Fwp%2Fv2%2Fcomments&post=24758"}],"version-history":[{"count":2,"href":"https:\/\/www.satiricon.be\/index.php?rest_route=\/wp\/v2\/posts\/24758\/revisions"}],"predecessor-version":[{"id":24761,"href":"https:\/\/www.satiricon.be\/index.php?rest_route=\/wp\/v2\/posts\/24758\/revisions\/24761"}],"wp:attachment":[{"href":"https:\/\/www.satiricon.be\/index.php?rest_route=%2Fwp%2Fv2%2Fmedia&parent=24758"}],"wp:term":[{"taxonomy":"category","embeddable":true,"href":"https:\/\/www.satiricon.be\/index.php?rest_route=%2Fwp%2Fv2%2Fcategories&post=24758"},{"taxonomy":"post_tag","embeddable":true,"href":"https:\/\/www.satiricon.be\/index.php?rest_route=%2Fwp%2Fv2%2Ftags&post=24758"}],"curies":[{"name":"wp","href":"https:\/\/api.w.org\/{rel}","templated":true}]}}