{"id":25063,"date":"2026-01-23T14:25:08","date_gmt":"2026-01-23T12:25:08","guid":{"rendered":"https:\/\/www.satiricon.be\/?p=25063"},"modified":"2026-01-23T14:25:08","modified_gmt":"2026-01-23T12:25:08","slug":"tronches-de-vice","status":"publish","type":"post","link":"https:\/\/www.satiricon.be\/?p=25063","title":{"rendered":"Tronches de vice&#8230;"},"content":{"rendered":"\n<div class=\"wp-block-image\"><figure class=\"aligncenter size-full\"><a href=\"https:\/\/www.satiricon.be\/wp-content\/uploads\/2026\/01\/Gueules-dassassin-\u2013-La-photographie-a-lassaut-du-crime-cover.jpeg\"><img loading=\"lazy\" width=\"279\" height=\"350\" src=\"https:\/\/www.satiricon.be\/wp-content\/uploads\/2026\/01\/Gueules-dassassin-\u2013-La-photographie-a-lassaut-du-crime-cover.jpeg\" alt=\"\" class=\"wp-image-25064\" srcset=\"https:\/\/www.satiricon.be\/wp-content\/uploads\/2026\/01\/Gueules-dassassin-\u2013-La-photographie-a-lassaut-du-crime-cover.jpeg 279w, https:\/\/www.satiricon.be\/wp-content\/uploads\/2026\/01\/Gueules-dassassin-\u2013-La-photographie-a-lassaut-du-crime-cover-239x300.jpeg 239w\" sizes=\"(max-width: 279px) 100vw, 279px\" \/><\/a><\/figure><\/div>\n\n\n\n<p>Dipl\u00f4m\u00e9 en 1991 de l\u2019Institut d\u2019\u00e9tudes politiques de Paris, Bruno Fuligni (\u00b01968), par ailleurs R\u00e9gent du Coll\u00e8ge de \u2018Pataphysique, est un \u00e9crivain, historien, essayiste et ma\u00eetre de conf\u00e9rences \u00e0 Sciences-Po.<\/p>\n\n\n\n<p>Il est l\u2019auteur de nombreux ouvrages&nbsp;\u2013&nbsp;une quarantaine de livres tr\u00e8s document\u00e9s&nbsp;\u2013&nbsp;sur les curiosit\u00e9s de l\u2019histoire politique et polici\u00e8re de la France.<\/p>\n\n\n\n<p>\u00c0 l\u2019occasion du bicentenaire de l\u2019invention de la photographie en 1826 par Nic\u00e9phore Ni\u00e9pce (1765-1833), il publie <strong><em>Gueules d\u2019assassin&nbsp;\u2013&nbsp;La photographie \u00e0 l\u2019assaut du crime<\/em><\/strong> aux \u00c9ditions Mareuil \u00e0 Paris.<\/p>\n\n\n\n<p>Il s\u2019agit d\u2019un essai remarquablement illustr\u00e9 (par une centaine de photographies et de documents souvent in\u00e9dits) consacr\u00e9 \u00e0 l\u2019histoire, entre 1855 et la fin des ann\u00e9es 1920 essentiellement, du recours par la police fran\u00e7aise et le FBI am\u00e9ricain \u00e0 cette technique nouvelle dans les enqu\u00eates criminelles.<\/p>\n\n\n\n<p>Des premiers signalements dessin\u00e9s aux d\u00e9buts de la photographie judiciaire, de la premi\u00e8re victime photographi\u00e9e aux m\u00e9thodes anthropom\u00e9triques standardis\u00e9es d\u2019Alphonse Bertillon (1853-1914), l\u2019ouvrage montre comment l\u2019image est devenue, dans les investigations polici\u00e8res, un outil essentiel de l\u2019identification, de la preuve et de la traque du crime.<\/p>\n\n\n\n<p>Avant l\u2019invention de la photographie, la police devait se contenter de descriptions orales ou de portraits peints pour identifier les suspects. Mais d\u00e8s 1855, tout bascula&nbsp;: pour la premi\u00e8re fois, le corps d\u2019une femme assassin\u00e9e fut photographi\u00e9e, une image qui permit d\u2019identifier la victime et de confondre le tueur en s\u00e9rie Martin Dumollard, ex\u00e9cut\u00e9 en 1862.<\/p>\n\n\n\n<p>\u00c0 la fin du XIX\u1d49&nbsp;si\u00e8cle, Alphonse Bertillon donna \u00e0 la photographie une rigueur scientifique&nbsp;: fiches anthropom\u00e9triques, portraits normalis\u00e9s, sc\u00e8nes de crime m\u00e9ticuleusement document\u00e9es. Ces techniques fran\u00e7aises s\u2019export\u00e8rent rapidement, inaugurant une \u00e8re nouvelle o\u00f9 le visage devint un document judiciaire, parfois plus accusateur que la parole<a href=\"#_ftn1\" id=\"_ftnref1\">[1]<\/a>.<\/p>\n\n\n\n<p>Bruno Fuligni, \u00e0 propos de ces portraits d\u2019exalt\u00e9s, de brigands, d\u2019assassins, de rustres, de r\u00e9volt\u00e9s, d\u2019amants jaloux, de femmes d\u00e9prav\u00e9es et d\u2019enfants d\u00e9voy\u00e9s, interroge aussi ce que la photographie r\u00e9v\u00e8le ou projette sur les visages&nbsp;: existe-t-il vraiment des \u00ab&nbsp;gueules d\u2019assassin&nbsp;\u00bb, ou la photographie judiciaire ne fait-elle que figer la peur, la mis\u00e8re et le soup\u00e7on&nbsp;?<\/p>\n\n\n\n<p><strong>P\u00c9TRONE <\/strong><\/p>\n\n\n\n<p class=\"has-small-font-size\"><strong><em>Gueules d\u2019assassin <\/em><\/strong>par Bruno Fuligni, Paris, \u00c9ditions Mareuil, collection \u00ab&nbsp;Jacques Dallest&nbsp;\u00bb, novembre&nbsp;2025, 191&nbsp;pp. en quadrichromie au format 20,2&nbsp;x&nbsp;25,2&nbsp;cm sous couverture cartonn\u00e9e en couleurs, 30&nbsp;\u20ac (prix France)<\/p>\n\n\n\n<p class=\"has-text-align-center\"><strong>SOMMAIRE<\/strong><\/p>\n\n\n\n<p>Avant-propos<\/p>\n\n\n\n<p><strong>Chapitre 1<\/strong><\/p>\n\n\n\n<p>Avant la photographie&nbsp;: gravures et signalements<\/p>\n\n\n\n<p><strong>Chapitre 2<\/strong><\/p>\n\n\n\n<p>La photographie&nbsp;: un art au service de l\u2019enqu\u00eate<\/p>\n\n\n\n<p><strong>Chapitre 3<\/strong><\/p>\n\n\n\n<p>L\u2019anthropom\u00e9trie&nbsp;: la photographie scientifique<\/p>\n\n\n\n<p><strong>Chapitre 4<\/strong><\/p>\n\n\n\n<p>Visages de femmes&nbsp;: portraits et t\u00e9moignages<\/p>\n\n\n\n<p><strong>Chapitre 5<\/strong><\/p>\n\n\n\n<p>Graines d\u2019assassin&nbsp;: les photos d\u2019enfants criminels<\/p>\n\n\n\n<p><strong>Conclusion<\/strong><\/p>\n\n\n\n<p>Le retour de l\u2019art<\/p>\n\n\n\n<p>Bibliographie<\/p>\n\n\n\n<hr class=\"wp-block-separator\" \/>\n\n\n\n<p><a href=\"#_ftnref1\" id=\"_ftn1\">[1]<\/a> Merci \u00e0 &nbsp;Ma\u00eflis Valentin des \u00c9ditions Mareuil, \u00e0 qui nous avons repris trois paragraphes de pr\u00e9sentation.<\/p>\n","protected":false},"excerpt":{"rendered":"<p>Par P\u00e9trone.<\/p>\n","protected":false},"author":2,"featured_media":0,"comment_status":"closed","ping_status":"open","sticky":false,"template":"","format":"standard","meta":[],"categories":[51,11],"tags":[],"_links":{"self":[{"href":"https:\/\/www.satiricon.be\/index.php?rest_route=\/wp\/v2\/posts\/25063"}],"collection":[{"href":"https:\/\/www.satiricon.be\/index.php?rest_route=\/wp\/v2\/posts"}],"about":[{"href":"https:\/\/www.satiricon.be\/index.php?rest_route=\/wp\/v2\/types\/post"}],"author":[{"embeddable":true,"href":"https:\/\/www.satiricon.be\/index.php?rest_route=\/wp\/v2\/users\/2"}],"replies":[{"embeddable":true,"href":"https:\/\/www.satiricon.be\/index.php?rest_route=%2Fwp%2Fv2%2Fcomments&post=25063"}],"version-history":[{"count":1,"href":"https:\/\/www.satiricon.be\/index.php?rest_route=\/wp\/v2\/posts\/25063\/revisions"}],"predecessor-version":[{"id":25065,"href":"https:\/\/www.satiricon.be\/index.php?rest_route=\/wp\/v2\/posts\/25063\/revisions\/25065"}],"wp:attachment":[{"href":"https:\/\/www.satiricon.be\/index.php?rest_route=%2Fwp%2Fv2%2Fmedia&parent=25063"}],"wp:term":[{"taxonomy":"category","embeddable":true,"href":"https:\/\/www.satiricon.be\/index.php?rest_route=%2Fwp%2Fv2%2Fcategories&post=25063"},{"taxonomy":"post_tag","embeddable":true,"href":"https:\/\/www.satiricon.be\/index.php?rest_route=%2Fwp%2Fv2%2Ftags&post=25063"}],"curies":[{"name":"wp","href":"https:\/\/api.w.org\/{rel}","templated":true}]}}