{"id":25133,"date":"2026-03-12T21:27:59","date_gmt":"2026-03-12T19:27:59","guid":{"rendered":"https:\/\/www.satiricon.be\/?p=25133"},"modified":"2026-03-12T21:41:18","modified_gmt":"2026-03-12T19:41:18","slug":"honore-champion-a-rappele-de-nos-jours-le-type-de-lediteur-de-la-renaissance-erudit-dans-sa-profession-passionne-pour-les-livres-rares-et-les-manuscrites-precieux-pierre-larouss","status":"publish","type":"post","link":"https:\/\/www.satiricon.be\/?p=25133","title":{"rendered":"\u00ab\u00a0Honor\u00e9 Champion a rappel\u00e9 de nos jours le type de l\u2019\u00e9diteur de la Renaissance\u00a0: \u00e9rudit dans sa profession, passionn\u00e9 pour les livres rares et les manuscrits pr\u00e9cieux.\u00a0\u00bb (Pierre Larousse, 1913)"},"content":{"rendered":"\n<div class=\"wp-block-image\"><figure class=\"aligncenter size-full\"><a href=\"https:\/\/www.satiricon.be\/wp-content\/uploads\/2026\/03\/La-librairie-Champion.-150-ans-dexistence-\u2013-Deux-familles-pour-une-grande-maison-dedition-erudite.jpg\"><img loading=\"lazy\" width=\"229\" height=\"350\" src=\"https:\/\/www.satiricon.be\/wp-content\/uploads\/2026\/03\/La-librairie-Champion.-150-ans-dexistence-\u2013-Deux-familles-pour-une-grande-maison-dedition-erudite.jpg\" alt=\"\" class=\"wp-image-25135\" srcset=\"https:\/\/www.satiricon.be\/wp-content\/uploads\/2026\/03\/La-librairie-Champion.-150-ans-dexistence-\u2013-Deux-familles-pour-une-grande-maison-dedition-erudite.jpg 229w, https:\/\/www.satiricon.be\/wp-content\/uploads\/2026\/03\/La-librairie-Champion.-150-ans-dexistence-\u2013-Deux-familles-pour-une-grande-maison-dedition-erudite-196x300.jpg 196w\" sizes=\"(max-width: 229px) 100vw, 229px\" \/><\/a><\/figure><\/div>\n\n\n\n<p><\/p>\n\n\n\n<p>Sise au num\u00e9ro 3 de la rue Corneille \u00e0 Paris, la Librairie Honor\u00e9 Champion, si\u00e8ge de la maison d\u2019\u00e9dition homonyme, a \u00e9t\u00e9 fond\u00e9e en 1874 par un \u00e9rudit autodidacte fran\u00e7ais (n\u00e9 en 1846 et mort en 1913) auteur d\u2019ouvrages scientifiques sur l\u2019histoire et la litt\u00e9rature fran\u00e7aises, puis rachet\u00e9e en 1973 par un \u00e9diteur genevois grand sp\u00e9cialiste des livres de savoir, Michel-\u00c9douard Slatkine (1933-2024), et prolong\u00e9e aujourd\u2019hui par ses deux fils, Ivan et Michel-Igor.<\/p>\n\n\n\n<p>Au cours de sa carri\u00e8re, Honor\u00e9 Champion fit en 1870 l\u2019acquisition des manuscrits de Vauban<a href=\"#_ftn1\" id=\"_ftnref1\">[1]<\/a>, ouvrit une librairie \u00e0 la chalandise de savants illustres, pour qui et par qui ont \u00e9t\u00e9 fond\u00e9es maintes revues savantes traitant les sujets les plus divers, depuis les publications sur le Moyen Age, les \u00e9tudes rabelaisiennes, jusqu\u2019aux archives diplomatiques et aux \u00e9tudes sur la R\u00e9volution.<\/p>\n\n\n\n<p>Il a ainsi pris, comme \u00e9diteur, une grande part aux derniers travaux de science, de linguistique, de critique et d\u2019histoire litt\u00e9raire de son temps. On lui doit notamment la publication entre 1902 et 1910 de l\u2019<em>Atlas linguistique de la France<\/em> mis en chantier entre 1897 et 1900 par le linguiste suisse Jules Gilli\u00e9ron (1854-1926) et le philologue fran\u00e7ais Edmond Edmont (1849-1926), \u0153uvre consid\u00e9rable de recension des diff\u00e9rents dialectes romans (langue d&rsquo;o\u00efl, occitan, arpitan et catalan<a href=\"#_ftn2\" id=\"_ftnref2\">[2]<\/a>) de la France m\u00e9tropolitaine (Corse except\u00e9e), de la Suisse romande, de la Wallonie, de la Vall\u00e9e d\u2019Aoste, de quelques vall\u00e9es du Piedmont, et des \u00eeles Anglo-Normandes de 1900.<\/p>\n\n\n\n<p>Honor\u00e9 Champion a fait para\u00eetre la revue scientifique <em>Romania<\/em>, la <em>Revue critique d\u2019histoire et de litt\u00e9rature<\/em>, la <em>Revue des biblioth\u00e8ques<\/em>, <em>Le Moyen \u00c2ge<\/em>, la <em>Revue de l\u2019Art chr\u00e9tien,<\/em> la <em>Soci\u00e9t\u00e9 de l\u2019Histoire de Paris<\/em>, la <em>Soci\u00e9t\u00e9 de l\u2019Histoire de l\u2019Art fran\u00e7ais<\/em>, la <em>Revue celtique<\/em>, la <em>Revue de Bretagne<\/em>, la <em>Revue de Gascogne<\/em> et un grand nombre de publications savantes.<\/p>\n\n\n\n<p>En 1905, il devint l\u2019\u00e9diteur de la Soci\u00e9t\u00e9 de linguistique et de la Section des sciences historiques et philologiques de l\u2019\u00c9cole pratique des hautes \u00e9tudes, ainsi que du <em>Recueil de travaux relatifs \u00e0 la philologie et \u00e0 l\u2019arch\u00e9ologie \u00e9gyptiennes et assyriennes<\/em> fond\u00e9 par l\u2019\u00e9gyptologue fran\u00e7ais Gaston Maspero (1846-1916).<\/p>\n\n\n\n<p>Avec son fils \u00c9douard, il a r\u00e9volutionn\u00e9 l\u2019industrie du livre fran\u00e7aise, en offrant, les premiers, au public, des ouvrages assez chers, mais assur\u00e9s de perdurer. L\u2019\u00e9dition int\u00e9grale <em>ne varietur<\/em> de la <em>Vie de Henry Brulard<\/em>, au tirage restreint sur un \u00ab&nbsp;imp\u00e9rissable papier pur chiffon&nbsp;\u00bb repr\u00e9sente un bon exemple de cette innovation<a href=\"#_ftn3\" id=\"_ftnref3\">[3]<\/a>.<\/p>\n\n\n\n<p>A l\u2019occasion du 150<sup>e<\/sup> anniversaire de cette illustre maison parisienne, le tr\u00e8s r\u00e9put\u00e9 lexicologue Jean Pruvost<a href=\"#_ftn4\" id=\"_ftnref4\">[4]<\/a>, dans <strong><em>La librairie Champion. 150 ans d\u2019existence&nbsp;\u2013&nbsp;Deux familles pour une grande maison d\u2019\u00e9dition \u00e9rudite<\/em><\/strong>, expose, avec la ponctuation d\u2019illustrations en quadrichromie, comment elle a marqu\u00e9 de son empreinte l\u2019\u00e9dition universitaire fran\u00e7aise tout au long des cinquante derni\u00e8res ann\u00e9es, avant un hommage vibrant que lui a rendu Michel-\u00c9douard Slatkine et la reproduction int\u00e9grale de l\u2019ouvrage de Jacques Monfrin, Directeur de l\u2019Ecole des Chartes, intitul\u00e9 <em>Honor\u00e9 Champion et sa librairie 1874-1978<\/em>.<\/p>\n\n\n\n<div class=\"wp-block-image\"><figure class=\"aligncenter size-full\"><a href=\"https:\/\/www.satiricon.be\/wp-content\/uploads\/2026\/03\/Librairie-Honore-Champion-.jpeg\"><img loading=\"lazy\" width=\"522\" height=\"350\" src=\"https:\/\/www.satiricon.be\/wp-content\/uploads\/2026\/03\/Librairie-Honore-Champion-.jpeg\" alt=\"\" class=\"wp-image-25134\" srcset=\"https:\/\/www.satiricon.be\/wp-content\/uploads\/2026\/03\/Librairie-Honore-Champion-.jpeg 522w, https:\/\/www.satiricon.be\/wp-content\/uploads\/2026\/03\/Librairie-Honore-Champion--300x201.jpeg 300w\" sizes=\"(max-width: 522px) 100vw, 522px\" \/><\/a><\/figure><\/div>\n\n\n\n<p class=\"has-text-align-center has-small-font-size\">Int\u00e9rieur de la Librairie Honor\u00e9 Champion<\/p>\n\n\n\n<p>Une mine d\u2019informations de haute tenue&nbsp;!<\/p>\n\n\n\n<p><strong>P\u00c9TRONE<\/strong><\/p>\n\n\n\n<p class=\"has-small-font-size\"><strong><em>La librairie Champion. 150 ans d\u2019exp\u00e9rience \u2013 Deux familles pour une grande maison d\u2019\u00e9dition \u00e9rudite <\/em><\/strong>par Jean Pruvost, Paris, \u00c9ditions Honor\u00e9 Champion, janvier\u00a02026, 258\u00a0pp. en noir et blanc et en quadrichromie au format 13\u00a0x\u00a020\u00a0cm sous couverture broch\u00e9e en couleurs, 29\u00a0\u20ac (prix France)<\/p>\n\n\n\n<p class=\"has-text-align-center\"><strong>TABLE DES MATI\u00c8RES<\/strong><\/p>\n\n\n\n<p class=\"has-text-align-center\"><strong><em>HOMMAGE \u00c0 MICHEL-\u00c9DOUARD SLATKINE<\/em><\/strong><\/p>\n\n\n\n<p class=\"has-text-align-center\"><strong><em>LA LIBRAIRIE HONOR\u00c9 CHAMPION, 150 ANS D\u2019EXP\u00c9RIENCE<\/em><\/strong><\/p>\n\n\n\n<p class=\"has-text-align-center\"><strong><em>DEUX FAMILLES&nbsp;: UNE GRANDE MAISON D\u2019\u00c9DITION \u00c9RUDITE<\/em><\/strong><\/p>\n\n\n\n<p class=\"has-text-align-center\">par Jean Pruvost<\/p>\n\n\n\n<p class=\"has-text-align-center\"><strong><em>LE FONDATEUR D\u2019UNE INSTITUTION \u00c9RUDITE\u2009&nbsp;: HONOR\u00c9 CHAMPION (1846-1913)<\/em><\/strong><\/p>\n\n\n\n<p><strong>\u2022 De la rive droite \u00e0 la rive gauche<\/strong><\/p>\n\n\n\n<p><strong>\u2022 Honor\u00e9, sous les auspices de Sainte-Beuve&nbsp;!<\/strong><\/p>\n\n\n\n<p><strong>\u2022 Des manuscrits de Vauban \u00e0 l\u2019envol du libraire<\/strong><\/p>\n\n\n\n<p><strong>\u2022 De Chateaubriand \u00e0 <em>L\u2019Atlas linguistique de France<\/em><\/strong><\/p>\n\n\n\n<p><strong>\u2022 \u00ab&nbsp;La v\u00e9rit\u00e9 et le bien&nbsp;\u00bb, des m\u00e9moires qui nous manquent<\/strong><\/p>\n\n\n\n<p><strong>\u2022 Cent cinquante ans d\u2019existence<\/strong><\/p>\n\n\n\n<p><strong>\u2022 Une librairie \u00e0 chaises et un \u00ab&nbsp;opisthodome&nbsp;\u00bb toujours pr\u00e9sent<\/strong><\/p>\n\n\n\n<p class=\"has-text-align-center\"><strong>L<em>E XX<sup>e&nbsp;<\/sup>SI\u00c8CLE&nbsp;: UNE LIBRAIRIE CONQU\u00c9RANTE SERVIE PAR DE FORTES PERSONNALIT\u00c9S<\/em><\/strong><\/p>\n\n\n\n<p><strong>\u2022 Une librairie marquante du quai Malaquais<\/strong><\/p>\n\n\n\n<p><strong>\u2022 De fortes personnalit\u00e9s<\/strong><\/p>\n\n\n\n<p><strong>\u2022 Les premiers directeurs de collection<\/strong><\/p>\n\n\n\n<p><strong>\u2022 1992-2009&nbsp;: une croissance impressionnante et une large couverture de l\u2019\u00e9rudition en sciences humaines<\/strong><\/p>\n\n\n\n<p><strong>\u2022 Un extraordinaire vivier de travaux \u00e9rudits portant sur la litt\u00e9rature m\u00e9di\u00e9vale<\/strong><\/p>\n\n\n\n<p>&#8211; Des collections prestigieuses<\/p>\n\n\n\n<p><strong>\u2022 La renaissance conqu\u00e9rante<\/strong><\/p>\n\n\n\n<p><strong>\u2022 Place aux voyages marquants l\u2019histoire \u00e9rudite<\/strong><\/p>\n\n\n\n<p><strong>\u2022 Philippe Sellier\u2009&nbsp;: la langue classique \u00e0 l\u2019honneur<\/strong><\/p>\n\n\n\n<p><strong>\u2022 Le \u00ab&nbsp;Si\u00e8cle des philosophes&nbsp;\u00bb et un ma\u00eetre&nbsp;: Raymond Trousson<\/strong><\/p>\n\n\n\n<p><strong>\u2022 La litt\u00e9rature du XIX<sup>e&nbsp;<\/sup>si\u00e8cle en plein \u00e9lan sous la direction d\u2019Alain Montandon<\/strong><\/p>\n\n\n\n<p>\u2022 <strong>Une large et novatrice ouverture sur les XIX<sup>e<\/sup> et XX<sup>e<\/sup> si\u00e8cles&nbsp;: Jeanyves Gu\u00e9rin, Annick Bouillaguet<\/strong><\/p>\n\n\n\n<p>\u2022 <strong>Jean Bessi\u00e8re et le grand souffle de la litt\u00e9rature compar\u00e9e<\/strong><\/p>\n\n\n\n<p>\u2022 <strong>Une volont\u00e9 de r\u00e9pondre aux besoins des \u00e9tudiants&nbsp;: \u00ab&nbsp;Unichamp&nbsp;\u00bb<\/strong><\/p>\n\n\n\n<p>\u2022 <strong>L\u2019entr\u00e9e galopante des colloques, congr\u00e8s et conf\u00e9rences<\/strong><\/p>\n\n\n\n<p><strong>\u2022 Au service de la langue<\/strong><\/p>\n\n\n\n<p>&#8211; La grammaire et la linguistique \u00e0 l\u2019honneur<\/p>\n\n\n\n<p><strong>\u2022 \u00c0 l\u2019aune de l\u2019informatique au service de la langue, la linguistique quantitative<\/strong><\/p>\n\n\n\n<p><strong>\u2022 Place aux recherches sur les mots et les dictionnaires<\/strong><\/p>\n\n\n\n<p><strong>\u2022 Une immense vari\u00e9t\u00e9, au fil de l\u2019histoire<\/strong><\/p>\n\n\n\n<p>&#8211; L\u2019histoire et la recherche en passant par les religions<\/p>\n\n\n\n<p>&#8211; Aux sources&nbsp;: les Archives<\/p>\n\n\n\n<p>&#8211; De l\u2019histoire m\u00e9di\u00e9vale \u00e0 la musicologie en passant par l\u2019histoire des sciences et techniques<\/p>\n\n\n\n<p><strong>\u2022 Une vocation d\u2019accueil \u00e0 l\u2019\u00e9rudition<\/strong><\/p>\n\n\n\n<p>&#8211; La recherche interdisciplinaire avec \u00ab&nbsp;Babeliana&nbsp;\u00bb<\/p>\n\n\n\n<p>&#8211; La diffusion des travaux de nombre d\u2019institutions de recherche<\/p>\n\n\n\n<p>\u2022 <strong>Des dictionnaires et les d\u00e9buts de la diffusion \u00e9lectronique&nbsp;: le trait d\u2019union avec le XXI<sup>e<\/sup>&nbsp;si\u00e8cle<\/strong><\/p>\n\n\n\n<p class=\"has-text-align-center\"><strong><em>LE XXI<sup>e&nbsp;<\/sup>SI\u00c8CLE&nbsp;: LA TRADITION ET L\u2019ENVOL NUM\u00c9RIQUE<\/em><\/strong><\/p>\n\n\n\n<p>\u2022<strong> De Paris \u00e0 Gen\u00e8ve, une belle r\u00e9partition des t\u00e2ches<\/strong><\/p>\n\n\n\n<p>&#8211; Une \u00e9nergie si souriante<\/p>\n\n\n\n<p>&#8211; La \u00ab&nbsp;clinique&nbsp;\u00bb<\/p>\n\n\n\n<p>&#8211; De Larousse \u00e0 Slatkine en passant par Quemada<\/p>\n\n\n\n<p><strong>\u2022 P\u00e9rennes et en double vague, les collections de \u00ab&nbsp;dictionnaires&nbsp;\u00bb<\/strong><\/p>\n\n\n\n<p>&#8211; Un flux profond et continu&nbsp;: \u00ab&nbsp;Dictionnaires et r\u00e9f\u00e9rences&nbsp;\u00bb<\/p>\n\n\n\n<p>&#8211; Un flux annuel&nbsp;: \u00ab&nbsp;Champion les dictionnaires&nbsp;\u00bb<\/p>\n\n\n\n<p>&#8211; \u00ab&nbsp;Champion les mots&nbsp;\u00bb&nbsp;: une belle id\u00e9e mal conduite<\/p>\n\n\n\n<p><strong>\u2022 De nouveaux champs de recherches au seuil du xxi<sup>e&nbsp;<\/sup>si\u00e8cle<\/strong><\/p>\n\n\n\n<p>&#8211; Martine Reid&nbsp;: \u00ab&nbsp;litt\u00e9rature et genre&nbsp;\u00bb<\/p>\n\n\n\n<p>&#8211; \u00ab&nbsp;Francophonies&nbsp;\u00bb avec Xavier Garnier<\/p>\n\n\n\n<p>&#8211; Les \u00ab&nbsp;auteurs du Sud&nbsp;\u00bb avec \u00ab&nbsp;Entre les lignes&nbsp;\u00bb par Christiane Achour et Jean-Baptiste Dufour<\/p>\n\n\n\n<p>&#8211; Une dimension essentielle&nbsp;: la \u00ab&nbsp;Didactique des lettres et des cultures&nbsp;\u00bb<\/p>\n\n\n\n<p>&#8211; Elle manquait&nbsp;: la \u00ab&nbsp;linguistique historique&nbsp;\u00bb<\/p>\n\n\n\n<p>&#8211; La traduction et la terminologie \u00e0 l\u2019honneur<\/p>\n\n\n\n<p>&nbsp;&nbsp;&nbsp;&nbsp;&nbsp;&nbsp;&nbsp;&nbsp;&nbsp;&nbsp;&nbsp; -Enfin, la philosophie&nbsp;!<\/p>\n\n\n\n<p><strong>\u2022 D\u2019utiles et r\u00e9v\u00e9lateurs rapprochements culturels&nbsp;: dialogues et convergences<\/strong><\/p>\n\n\n\n<p>&#8211; B\u00e9atrice Didier fait dialoguer les arts<\/p>\n\n\n\n<p>&#8211; Autre utile croisement&nbsp;: les \u00ab&nbsp;convergences&nbsp;\u00bb, collection dirig\u00e9e par Patrick Dandrey<\/p>\n\n\n\n<p><strong>\u2022 La culture et la litt\u00e9rature plus largement encore<\/strong><\/p>\n\n\n\n<p>&#8211; De la correspondance, des m\u00e9moires et journaux si r\u00e9v\u00e9lateurs<\/p>\n\n\n\n<p>&#8211; De la po\u00e9tique&nbsp;: Catherine Mayaux et une nouvelle collection<\/p>\n\n\n\n<p>&#8211; \u00ab&nbsp;Les litt\u00e9ratures \u00e9trang\u00e8res&nbsp;\u00bb&nbsp;: un int\u00e9r\u00eat croissant<\/p>\n\n\n\n<p>&#8211; Biblioth\u00e8que de l\u2019Europe centrale<\/p>\n\n\n\n<p>&#8211; Une v\u00e9ritable biblioth\u00e8que consacr\u00e9e aux religions<\/p>\n\n\n\n<p><strong>\u2022 Revues et p\u00e9riodiques<\/strong><\/p>\n\n\n\n<p>\u2022 <strong>Au service de tout public se cultivant<\/strong><\/p>\n\n\n\n<p>&#8211; \u00ab&nbsp;Champion Classiques&nbsp;\u00bb<\/p>\n\n\n\n<p>&#8211; Champion Essais, en compagnie de Corentin Breton<\/p>\n\n\n\n<p>&#8211; Les \u00ab&nbsp;Textes critiques fran\u00e7ais&nbsp;\u00bb utilement comment\u00e9s<\/p>\n\n\n\n<p>&#8211; Champion Commentaires<\/p>\n\n\n\n<p><strong>\u2022 Au service de l\u2019avenir, en toute confiance<\/strong><\/p>\n\n\n\n<p class=\"has-text-align-center\"><strong><em>\u00c0 JEAN PRUVOST, DIRECTEUR \u00c9DITORIAL DES \u00c9DITIONS HONOR\u00c9 CHAMPION<\/em><\/strong> par Michel-\u00c9douard Slatkine<\/p>\n\n\n\n<p class=\"has-text-align-center\"><strong><em>HONOR\u00c9 CHAMPION ET SA LIBRAIRIE 1874-1978<\/em><\/strong> par Jacques Monfrin, Directeur de l\u2019\u00c9cole des Chartes<\/p>\n\n\n\n<p class=\"has-text-align-center\"><strong><em>HONOR\u00c9 CHAMPION&nbsp;!<\/em><\/strong> par Jeanne Laffitte et Michel Slatkine<\/p>\n\n\n\n<p><strong>\u2022 La boutique Dumoulin<\/strong><\/p>\n\n\n\n<p><strong>\u2022 La librairie sp\u00e9ciale pour l\u2019Histoire de France<\/strong><\/p>\n\n\n\n<p><strong>\u2022 Le livre ancien<\/strong><\/p>\n\n\n\n<p><strong>\u2022 Les Editions Honor\u00e9 Champion<\/strong><\/p>\n\n\n\n<p><strong>\u2022 <em>L\u2019Atlas linguistique de la France <\/em>et la philologie romane<\/strong><\/p>\n\n\n\n<p><strong>\u2022 Monsieur Honor\u00e9 Champion, le vieux libraire<\/strong><\/p>\n\n\n\n<p><strong>\u2022 \u00c9douard Champion ET LA \u00ab&nbsp;librairie ancienne Honor\u00e9 Champion&nbsp;\u00bb<\/strong><\/p>\n\n\n\n<p><strong>\u2022 Table des mati\u00e8res<\/strong><\/p>\n\n\n\n<hr class=\"wp-block-separator\" \/>\n\n\n\n<p><a href=\"#_ftnref1\" id=\"_ftn1\">[1]<\/a> Mar\u00e9chal de France nomm\u00e9 par Louis&nbsp;XIV et connu pour ses travaux de fortifications, le marquis S\u00e9bastien Le Prestre de Vauban (1633-1707) \u00e9tait un ing\u00e9nieur et architecte militaire, urbaniste et hydraulicien fran\u00e7ais.<\/p>\n\n\n\n<p><a href=\"#_ftnref2\" id=\"_ftn2\">[2]<\/a> Les langues non romanes du territoire fran\u00e7ais (breton, basque, alsacien, francique et flamand) ne sont pas concern\u00e9es par cet atlas.<\/p>\n\n\n\n<p><a href=\"#_ftnref3\" id=\"_ftn3\">[3]<\/a> Wikip\u00e9dia.<\/p>\n\n\n\n<p><a href=\"#_ftnref4\" id=\"_ftn4\">[4]<\/a> Sp\u00e9cialiste de l\u2019histoire des dictionnaires, Jean Pruvost, n\u00e9 le 30&nbsp;d\u00e9cembre 1949 \u00e0 Saint-Denis, est un lexicologue et historien de la langue fran\u00e7aise. Il a enseign\u00e9 la lexicologie et la lexicographie \u00e0 l\u2019universit\u00e9 de Cergy-Pontoise, o\u00f9 il a \u00e9t\u00e9 professeur des universit\u00e9s et a dirig\u00e9 le d\u00e9partement \u00c9tudes de linguistique appliqu\u00e9e, le master Sciences du langage ainsi que le laboratoire Lexiques, dictionnaires, informatique, une unit\u00e9 mixte de recherche du CNRS.<\/p>\n","protected":false},"excerpt":{"rendered":"<p>Par P\u00e9trone.<\/p>\n","protected":false},"author":2,"featured_media":0,"comment_status":"closed","ping_status":"open","sticky":false,"template":"","format":"standard","meta":[],"categories":[77,49,11],"tags":[],"_links":{"self":[{"href":"https:\/\/www.satiricon.be\/index.php?rest_route=\/wp\/v2\/posts\/25133"}],"collection":[{"href":"https:\/\/www.satiricon.be\/index.php?rest_route=\/wp\/v2\/posts"}],"about":[{"href":"https:\/\/www.satiricon.be\/index.php?rest_route=\/wp\/v2\/types\/post"}],"author":[{"embeddable":true,"href":"https:\/\/www.satiricon.be\/index.php?rest_route=\/wp\/v2\/users\/2"}],"replies":[{"embeddable":true,"href":"https:\/\/www.satiricon.be\/index.php?rest_route=%2Fwp%2Fv2%2Fcomments&post=25133"}],"version-history":[{"count":2,"href":"https:\/\/www.satiricon.be\/index.php?rest_route=\/wp\/v2\/posts\/25133\/revisions"}],"predecessor-version":[{"id":25137,"href":"https:\/\/www.satiricon.be\/index.php?rest_route=\/wp\/v2\/posts\/25133\/revisions\/25137"}],"wp:attachment":[{"href":"https:\/\/www.satiricon.be\/index.php?rest_route=%2Fwp%2Fv2%2Fmedia&parent=25133"}],"wp:term":[{"taxonomy":"category","embeddable":true,"href":"https:\/\/www.satiricon.be\/index.php?rest_route=%2Fwp%2Fv2%2Fcategories&post=25133"},{"taxonomy":"post_tag","embeddable":true,"href":"https:\/\/www.satiricon.be\/index.php?rest_route=%2Fwp%2Fv2%2Ftags&post=25133"}],"curies":[{"name":"wp","href":"https:\/\/api.w.org\/{rel}","templated":true}]}}