{"id":2999,"date":"2011-03-20T16:25:18","date_gmt":"2011-03-20T14:25:18","guid":{"rendered":"http:\/\/www.satiricon.be\/?p=2999"},"modified":"2011-03-20T21:49:28","modified_gmt":"2011-03-20T19:49:28","slug":"cqfd","status":"publish","type":"post","link":"https:\/\/www.satiricon.be\/?p=2999","title":{"rendered":"CQFD&#8230;"},"content":{"rendered":"<p style=\"text-align: center;\"><a href=\"https:\/\/www.satiricon.be\/wp-content\/uploads\/2011\/03\/CQFD.png\"><img loading=\"lazy\" class=\"aligncenter size-full wp-image-3000\" title=\"CQFD\" src=\"https:\/\/www.satiricon.be\/wp-content\/uploads\/2011\/03\/CQFD.png\" alt=\"\" width=\"450\" height=\"450\" srcset=\"https:\/\/www.satiricon.be\/wp-content\/uploads\/2011\/03\/CQFD.png 450w, https:\/\/www.satiricon.be\/wp-content\/uploads\/2011\/03\/CQFD-150x150.png 150w, https:\/\/www.satiricon.be\/wp-content\/uploads\/2011\/03\/CQFD-300x300.png 300w\" sizes=\"(max-width: 450px) 100vw, 450px\" \/><\/a><\/p>\n<p>Ainsi donc, le d\u00e9put\u00e9 flamingant Filip Dewinter (Vlaams Belang) estime avoir \u00e9t\u00e9 calomni\u00e9 et diffam\u00e9 par l\u2019AFA (Antifascistische Aktie) qui avait coll\u00e9 \u00e0 Gand et \u00e0 Anvers des affiches associant les photos du peu sympathique Blokker et de feu Adolf Hitler sous la l\u00e9gende \u00ab\u00a0Andere gezichten, dezelfde shit\u00a0\u00bb (\u00ab\u00a0D\u2019autres visages, la m\u00eame merde\u00a0\u00bb).<\/p>\n<p>L\u2019\u00e9lu du peuple m\u00e9napien a par cons\u00e9quent d\u00e9pos\u00e9 aupr\u00e8s de la Justice belge une plainte en bonne et due forme, tout en faisant savoir \u00e0 la cantonade qu\u2019il est d\u00e9mocrate (!), pas antis\u00e9mite (!) et pas nazi (!), et que d\u2019ailleurs son grand-p\u00e8re a \u00e9t\u00e9 r\u00e9sistant au sein de la  Brigade blanche et que son p\u00e8re a \u00e9t\u00e9 emprisonn\u00e9 parce qu\u2019il \u00e9tait r\u00e9fractaire au Service du Travail Obligatoire impos\u00e9 par l\u2019occupant allemand durant la Seconde Guerre mondiale.<\/p>\n<p>On rel\u00e8vera qu\u2019outre le fait que ces deux arguments ne font pas n\u00e9cessairement de lui un d\u00e9mocrate (les parents de Hitler \u00e9taient d\u00e9mocrates), force est de constater que Filip Dewinter n\u2019a pas d\u00e9menti \u00eatre une merde\u2026<\/p>\n<p>Nous lui pr\u00e9sentons nos f\u00e9licitations les plus chaleureuses pour cet aveu aussi courageux que lucide\u00a0!<\/p>\n<p><strong>P\u00c9TRONE<\/strong><\/p>\n","protected":false},"excerpt":{"rendered":"<p>Ainsi donc, le d\u00e9put\u00e9 flamingant Filip Dewinter (Vlaams Belang) estime avoir \u00e9t\u00e9 calomni\u00e9 et diffam\u00e9 par l\u2019AFA (Antifascistische Aktie) qui avait coll\u00e9 \u00e0 Gand et \u00e0 Anvers des affiches associant les photos du peu sympathique Blokker et de feu Adolf Hitler sous la l\u00e9gende \u00ab Andere gezichten, dezelfde shit \u00bb (\u00ab D\u2019autres visages, la m\u00eame merde \u00bb).<\/p>\n","protected":false},"author":2,"featured_media":0,"comment_status":"open","ping_status":"open","sticky":false,"template":"","format":"standard","meta":[],"categories":[17,75,5,21],"tags":[],"_links":{"self":[{"href":"https:\/\/www.satiricon.be\/index.php?rest_route=\/wp\/v2\/posts\/2999"}],"collection":[{"href":"https:\/\/www.satiricon.be\/index.php?rest_route=\/wp\/v2\/posts"}],"about":[{"href":"https:\/\/www.satiricon.be\/index.php?rest_route=\/wp\/v2\/types\/post"}],"author":[{"embeddable":true,"href":"https:\/\/www.satiricon.be\/index.php?rest_route=\/wp\/v2\/users\/2"}],"replies":[{"embeddable":true,"href":"https:\/\/www.satiricon.be\/index.php?rest_route=%2Fwp%2Fv2%2Fcomments&post=2999"}],"version-history":[{"count":5,"href":"https:\/\/www.satiricon.be\/index.php?rest_route=\/wp\/v2\/posts\/2999\/revisions"}],"predecessor-version":[{"id":3005,"href":"https:\/\/www.satiricon.be\/index.php?rest_route=\/wp\/v2\/posts\/2999\/revisions\/3005"}],"wp:attachment":[{"href":"https:\/\/www.satiricon.be\/index.php?rest_route=%2Fwp%2Fv2%2Fmedia&parent=2999"}],"wp:term":[{"taxonomy":"category","embeddable":true,"href":"https:\/\/www.satiricon.be\/index.php?rest_route=%2Fwp%2Fv2%2Fcategories&post=2999"},{"taxonomy":"post_tag","embeddable":true,"href":"https:\/\/www.satiricon.be\/index.php?rest_route=%2Fwp%2Fv2%2Ftags&post=2999"}],"curies":[{"name":"wp","href":"https:\/\/api.w.org\/{rel}","templated":true}]}}