{"id":3106,"date":"2011-04-07T17:07:55","date_gmt":"2011-04-07T15:07:55","guid":{"rendered":"http:\/\/www.satiricon.be\/?p=3106"},"modified":"2011-04-07T17:12:43","modified_gmt":"2011-04-07T15:12:43","slug":"ik-ben-snul-en-daar-ben-ik-er-fier-van","status":"publish","type":"post","link":"https:\/\/www.satiricon.be\/?p=3106","title":{"rendered":"\u00ab\u00a0Ik ben snul, en daar ben ik er fier van!\u00a0\u00bb"},"content":{"rendered":"<p style=\"text-align: center;\"><a href=\"https:\/\/www.satiricon.be\/wp-content\/uploads\/2011\/04\/Vic-Van-Aelst.jpg\"><img loading=\"lazy\" class=\"size-full wp-image-3107  aligncenter\" title=\"Vic Van Aelst\" src=\"https:\/\/www.satiricon.be\/wp-content\/uploads\/2011\/04\/Vic-Van-Aelst.jpg\" alt=\"\" width=\"576\" height=\"400\" srcset=\"https:\/\/www.satiricon.be\/wp-content\/uploads\/2011\/04\/Vic-Van-Aelst.jpg 576w, https:\/\/www.satiricon.be\/wp-content\/uploads\/2011\/04\/Vic-Van-Aelst-300x208.jpg 300w\" sizes=\"(max-width: 576px) 100vw, 576px\" \/><\/a><\/p>\n<p>Le \u00ab\u00a0t\u00e9nor du barreau flamand\u00a0\u00bb \u2013 un baveux de village, donc \u2013 Vic Van Aelst, qui est aussi un supp\u00f4t de la N-VA comme on les aime (\u00ab\u00a0si la connerie se mesurait, il servirait de m\u00e8tre-\u00e9talon\u00a0\u00bb,\u00a0 aurait pu dire de lui le regrett\u00e9\u00a0 Michel Audiard), a d\u00e9clar\u00e9 au quotidien <em>De Morgen<\/em> qu&rsquo;il fallait cesser d&rsquo;enseigner le fran\u00e7ais aux Flamands, \u00e0 pr\u00e9texte que cette langue n&rsquo;est parl\u00e9e que par 3% de personnes dans le monde.<\/p>\n<p>Dont acte.<\/p>\n<p>Mais pourquoi diantre cet obscur robin fait-il tant de cas du dialecte flamoutche qui, lui,\u00a0 n&rsquo;est parl\u00e9 que par 3% des personnes \u00e0 Bruxelles ?<\/p>\n<p><strong>P\u00c9TRONE<\/strong><\/p>\n","protected":false},"excerpt":{"rendered":"<p>Le \u00ab\u00a0t\u00e9nor du barreau flamand\u00a0\u00bb \u2013 un baveux de village, donc \u2013 Vic Van Aelst, qui est aussi un supp\u00f4t de la N-VA comme on les aime (\u00ab\u00a0si la connerie se mesurait, il servirait de m\u00e8tre-\u00e9talon\u00a0\u00bb,  aurait pu dire de lui le regrett\u00e9  Michel Audiard), a d\u00e9clar\u00e9 au quotidien De Morgen qu&rsquo;il fallait cesser d&rsquo;enseigner le fran\u00e7ais aux Flamands, \u00e0 pr\u00e9texte que cette langue n&rsquo;est parl\u00e9e que par 3% de personnes dans le monde.<\/p>\n","protected":false},"author":2,"featured_media":0,"comment_status":"open","ping_status":"open","sticky":false,"template":"","format":"standard","meta":[],"categories":[22,15,71,21],"tags":[],"_links":{"self":[{"href":"https:\/\/www.satiricon.be\/index.php?rest_route=\/wp\/v2\/posts\/3106"}],"collection":[{"href":"https:\/\/www.satiricon.be\/index.php?rest_route=\/wp\/v2\/posts"}],"about":[{"href":"https:\/\/www.satiricon.be\/index.php?rest_route=\/wp\/v2\/types\/post"}],"author":[{"embeddable":true,"href":"https:\/\/www.satiricon.be\/index.php?rest_route=\/wp\/v2\/users\/2"}],"replies":[{"embeddable":true,"href":"https:\/\/www.satiricon.be\/index.php?rest_route=%2Fwp%2Fv2%2Fcomments&post=3106"}],"version-history":[{"count":7,"href":"https:\/\/www.satiricon.be\/index.php?rest_route=\/wp\/v2\/posts\/3106\/revisions"}],"predecessor-version":[{"id":3111,"href":"https:\/\/www.satiricon.be\/index.php?rest_route=\/wp\/v2\/posts\/3106\/revisions\/3111"}],"wp:attachment":[{"href":"https:\/\/www.satiricon.be\/index.php?rest_route=%2Fwp%2Fv2%2Fmedia&parent=3106"}],"wp:term":[{"taxonomy":"category","embeddable":true,"href":"https:\/\/www.satiricon.be\/index.php?rest_route=%2Fwp%2Fv2%2Fcategories&post=3106"},{"taxonomy":"post_tag","embeddable":true,"href":"https:\/\/www.satiricon.be\/index.php?rest_route=%2Fwp%2Fv2%2Ftags&post=3106"}],"curies":[{"name":"wp","href":"https:\/\/api.w.org\/{rel}","templated":true}]}}