{"id":3166,"date":"2011-04-18T15:34:36","date_gmt":"2011-04-18T13:34:36","guid":{"rendered":"http:\/\/www.satiricon.be\/?p=3166"},"modified":"2011-04-19T13:23:14","modified_gmt":"2011-04-19T11:23:14","slug":"c%e2%80%99ne-ni-por-no-c%e2%80%99est-pou-les-sinistres-%c2%ab-ce-n%e2%80%99est-pas-pour-nous-c%e2%80%99est-pour-les-sinistres-%c2%bb-%e2%80%93air-connu","status":"publish","type":"post","link":"https:\/\/www.satiricon.be\/?p=3166","title":{"rendered":"\u00abC\u2019n\u00e8 ni por no, c\u2019est pou les sinistr\u00e9s !\u00bb (\u00ab Ce n\u2019est pas pour nous, c\u2019est pour les sinistr\u00e9s ! \u00bb \u2013 air connu)"},"content":{"rendered":"<p style=\"text-align: center;\"><a href=\"https:\/\/www.satiricon.be\/wp-content\/uploads\/2011\/04\/Rovillard.jpg\"><\/a><a href=\"https:\/\/www.satiricon.be\/wp-content\/uploads\/2011\/04\/Rovillard1.jpg\"><img loading=\"lazy\" class=\"size-full wp-image-3178  aligncenter\" title=\"Rovillard\" src=\"https:\/\/www.satiricon.be\/wp-content\/uploads\/2011\/04\/Rovillard1.jpg\" alt=\"\" width=\"269\" height=\"350\" srcset=\"https:\/\/www.satiricon.be\/wp-content\/uploads\/2011\/04\/Rovillard1.jpg 269w, https:\/\/www.satiricon.be\/wp-content\/uploads\/2011\/04\/Rovillard1-230x300.jpg 230w\" sizes=\"(max-width: 269px) 100vw, 269px\" \/><\/a><\/p>\n<p>Ainsi donc, ce s(oci)alopard de Georges Rovillard, ci-devant ma\u00efeur de Fontaine-l\u2019\u00c9v\u00eaque et administrateur g\u00e9n\u00e9ral \u00e0 la retraite de l\u2019Agence wallonne pour l\u2019int\u00e9gration de la personne handicap\u00e9e, va enfin devoir rendre des comptes \u00e0 la Justice pour les innombrables malversations financi\u00e8res (son dossier d\u2019instruction au Parquet compte pas moins de 29\u00a0cartons\u00a0!) qu\u2019il a commises avec la complicit\u00e9 de sa bobonne au d\u00e9triment de ses administr\u00e9s (qui l\u2019avaient \u00e9lu, les sots) et des b\u00e9n\u00e9ficiaires des aides \u2013 chroniquement insuffisantes, faute de moyens publics \u2013 de l\u2019Agence wallonne pour l&rsquo;int\u00e9gration des personnes handicap\u00e9es, en sigle AWIPH (des personnes pour qui il aura constitu\u00e9 un innommable handicap suppl\u00e9mentaire).<\/p>\n<p>Car cette crapule partiellement en aveux (esp\u00e9rons que les juges sauront lui faire rendre gorge compl\u00e8tement) ne s\u2019est pas g\u00ean\u00e9e pour voyager plusieurs fois par an durant des lustres et dans tous les azimuts (au Chili, en Gr\u00e8ce, \u00e0 Chypre et au Cap vert, par exemple) avec sa moiti\u00e9 (qui comptait double \u00e0 chaque occasion) pour son seul profit personnel (ses explications pour justifier leurs \u00ab\u00a0missions\u00a0\u00bb sont \u00e0 se tordre\u2026), en se faisant rembourser tous leurs frais \u00e0 la fois par l\u2019AWIPH et par ses administr\u00e9s, y compris d\u2019ailleurs des d\u00e9penses plus ou moins menues qu\u2019ils n\u2019avaient jamais engag\u00e9es.<\/p>\n<p>On se souviendra qu\u2019apr\u00e8s avoir \u00e9t\u00e9 pris la main dans le sac, ce triste sire qui ne manque pas d\u2019air (mais qui a surtout l\u2019air d\u2019un maffieux) s\u2019\u00e9tait en outre autoris\u00e9, au moment de la constitution de la nouvelle majorit\u00e9 communale \u00e0 Charleroi, \u00e0 donner des le\u00e7ons de morale politique \u00e0 ses chers \u00ab\u00a0camarades\u00a0\u00bb qui avaient le toupet de laisser tomber (un peu) le gang des proches de Van Cau.<\/p>\n<p>Il est en tout cas bien dommage que cette fripouille de Rovillard ne compara\u00eetra qu\u2019en correctionnelle (devant un des ses coreligionnaires politiques\u00a0?) et pas aux assises\u00a0: en tant que p\u00e8re d\u2019un enfant autiste, j\u2019aurais \u00e9t\u00e9 volontaire, le couteau entre les dents comme les \u00ab\u00a0damn\u00e9s de la terre\u00a0\u00bb, pour int\u00e9grer le jury et je l\u2019aurais volontiers condamn\u00e9 \u00e0 la pendaison\u2026 par o\u00f9 on pend les poires\u00a0!<\/p>\n<p><strong>P\u00c9TRONE<\/strong><\/p>\n","protected":false},"excerpt":{"rendered":"<p>Ainsi donc, ce s(oci)alopard de Georges Rovillard, ci-devant ma\u00efeur de Fontaine-l\u2019\u00c9v\u00eaque et administrateur g\u00e9n\u00e9ral \u00e0 la retraite de l\u2019Agence wallonne pour l\u2019int\u00e9gration de la personne handicap\u00e9e, va enfin devoir rendre des comptes \u00e0 la Justice pour les innombrables malversations financi\u00e8res (son dossier d\u2019instruction au Parquet compte pas moins de 29 cartons !) qu\u2019il a commises avec la complicit\u00e9 de sa bobonne au d\u00e9triment de ses administr\u00e9s (qui l\u2019avaient \u00e9lu, les sots) et des b\u00e9n\u00e9ficiaires des aides \u2013 chroniquement insuffisantes, faute de moyens publics \u2013 de l\u2019Agence wallonne pour l\u2019int\u00e9gration des personnes handicap\u00e9es, en sigle AWIPH (des personnes pour qui il aura constitu\u00e9 un innommable handicap suppl\u00e9mentaire).<\/p>\n","protected":false},"author":2,"featured_media":0,"comment_status":"open","ping_status":"open","sticky":false,"template":"","format":"standard","meta":[],"categories":[17,75,23],"tags":[],"_links":{"self":[{"href":"https:\/\/www.satiricon.be\/index.php?rest_route=\/wp\/v2\/posts\/3166"}],"collection":[{"href":"https:\/\/www.satiricon.be\/index.php?rest_route=\/wp\/v2\/posts"}],"about":[{"href":"https:\/\/www.satiricon.be\/index.php?rest_route=\/wp\/v2\/types\/post"}],"author":[{"embeddable":true,"href":"https:\/\/www.satiricon.be\/index.php?rest_route=\/wp\/v2\/users\/2"}],"replies":[{"embeddable":true,"href":"https:\/\/www.satiricon.be\/index.php?rest_route=%2Fwp%2Fv2%2Fcomments&post=3166"}],"version-history":[{"count":13,"href":"https:\/\/www.satiricon.be\/index.php?rest_route=\/wp\/v2\/posts\/3166\/revisions"}],"predecessor-version":[{"id":3187,"href":"https:\/\/www.satiricon.be\/index.php?rest_route=\/wp\/v2\/posts\/3166\/revisions\/3187"}],"wp:attachment":[{"href":"https:\/\/www.satiricon.be\/index.php?rest_route=%2Fwp%2Fv2%2Fmedia&parent=3166"}],"wp:term":[{"taxonomy":"category","embeddable":true,"href":"https:\/\/www.satiricon.be\/index.php?rest_route=%2Fwp%2Fv2%2Fcategories&post=3166"},{"taxonomy":"post_tag","embeddable":true,"href":"https:\/\/www.satiricon.be\/index.php?rest_route=%2Fwp%2Fv2%2Ftags&post=3166"}],"curies":[{"name":"wp","href":"https:\/\/api.w.org\/{rel}","templated":true}]}}