{"id":3616,"date":"2011-06-06T19:05:44","date_gmt":"2011-06-06T17:05:44","guid":{"rendered":"http:\/\/www.satiricon.be\/?p=3616"},"modified":"2011-06-07T17:13:05","modified_gmt":"2011-06-07T15:13:05","slug":"sous-la-botte-boche%e2%80%a6","status":"publish","type":"post","link":"https:\/\/www.satiricon.be\/?p=3616","title":{"rendered":"Sous la botte boche\u2026"},"content":{"rendered":"<p style=\"text-align: center;\"><a href=\"https:\/\/www.satiricon.be\/wp-content\/uploads\/2011\/06\/Apocalypse-en-Belgique-1940-1945-destins-singuliers.jpg\"><img loading=\"lazy\" class=\"size-full wp-image-3617  aligncenter\" title=\"Apocalypse en Belgique 1940-1945 destins singuliers\" src=\"https:\/\/www.satiricon.be\/wp-content\/uploads\/2011\/06\/Apocalypse-en-Belgique-1940-1945-destins-singuliers.jpg\" alt=\"\" width=\"195\" height=\"300\" \/><\/a><\/p>\n<p>En 2009, France T\u00e9l\u00e9visions diffusait la remarquable s\u00e9rie documentaire <em>Apocalypse<\/em>, r\u00e9alis\u00e9e par Isabelle Clarke et Daniel Costelle, consacr\u00e9e aux combats qui ont \u00e9maill\u00e9 la Seconde Guerre mondiale. Il y \u00e9tait pr\u00e9sent\u00e9 par le biais de documents souvent peu connus, voire in\u00e9dits, un panorama intelligemment construit de l\u2019\u00e9volution du conflit et de ses diverses retomb\u00e9es sur les populations des deux camps.<\/p>\n<p>Dans la foul\u00e9e de la sortie du DVD de la s\u00e9rie et de sa diffusion sur les antennes rtb\u00e9ennes, les \u00c9ditions Racine avaient d\u00e9j\u00e0 fait para\u00eetre un premier opus passionnant \u00e9crit par les journalistes maison Bruno Deblander (un ancien du <em>Soir<\/em>, qui enseigne aussi \u00e0 l\u2019ULB) et Louise Monaux (par ailleurs historienne de formation), repla\u00e7ant le focus du documentaire sur le sort de nos compatriotes durant cette guerre <a href=\"#_ftn1\">[1]<\/a>.<\/p>\n<p>La parution du deuxi\u00e8me volet, d\u00fb aux m\u00eames auteurs et paru r\u00e9cemment chez le m\u00eame \u00e9diteur, est ainsi \u00e0 saluer, car il n\u2019a rien \u00e0 envier au pr\u00e9c\u00e9dent. Il s\u2019agit \u00e0 nouveau de voir quelle fut la vie de ceux qui v\u00e9curent dans une Belgique sous la botte (entendez, celle des nazis). L\u2019ouvrage pr\u00e9sente ainsi au lecteur une galerie de portraits h\u00e9t\u00e9roclites d\u2019une certaine \u00ab\u00a0Belgique d\u2019en bas\u00a0\u00bb, gr\u00e2ce aux t\u00e9moignages, souvent touchants, que les auteurs ont pu recueillir de ces anonymes ou aupr\u00e8s de leurs descendants et de ceux qui les ont connus sous l\u2019Occupation.<\/p>\n<p>Nous retrouvons d\u00e8s lors la Campagne des Dix Huit Jours relat\u00e9e par le soldat Vantrogh dans son journal et la route de l\u2019exil du mois de mai\u00a01940 qu\u2019emprunte la jeune Georgette Stulens pour la Grande-Bretagne avant de s\u2019engager dans les forces britanniques. Nous prenons le chemin du travail obligatoire en Allemagne o\u00f9 nous croisons la future gloire du cyclisme belge Pino Cerami, envoy\u00e9 \u00e0 dix-huit ans du pays de Charleroi vers la r\u00e9gion d\u2019Erfurt pour y travailler dans une usine d\u2019armements, ou celui de Dachau o\u00f9 fut envoy\u00e9 l\u2019abb\u00e9 Jean Cassart, principal du Coll\u00e8ge de Chimay. Nous apprenons aussi le destin tragique de la famille Callant, des Montois expatri\u00e9s en Chine et prisonniers des <em>Japs<\/em> au camp de Lunghwa, d\u2019o\u00f9 leurs fils cadet, \u00e2g\u00e9 de onze ans \u00e0 l\u2019\u00e9poque, mourut \u00e0 son retour en Belgique.<\/p>\n<p>\u00c0\u00a0c\u00f4t\u00e9 des soldats engag\u00e9s sous les drapeaux alli\u00e9s et des r\u00e9sistants de tous bords qui connurent le feu des armes, nous lisons aussi le t\u00e9moignage \u00e9mu que Georgette\u00a0V. (souhaitant garder l\u2019anonymat) a livr\u00e9 l\u2019hiver dernier sur son p\u00e8re. Celui-ci, s\u00e9duit autant par un certain app\u00e2t du gain (m\u00eal\u00e9 aussi d\u2019une trouille certaine) que par le chant lointain de sir\u00e8nes de l\u2019Ordre Nouveau, fournit ses vils services aux Allemands dans leurs traques contre la R\u00e9sistance.<\/p>\n<p>Ce livre invite donc le lecteur \u00e0 entrer dans l\u2019intimit\u00e9 d\u2019un foyer, o\u00f9 sont racont\u00e9s au coin du feu les exploits ou les histoires honteuses de \u00ab\u00a0bon-papa et bonne-maman\u00a0\u00bb, dans un travail de m\u00e9moire tr\u00e8s int\u00e9ressant qui ne manque pas d\u2019interpeller.<\/p>\n<p>Car, h\u00e9ros ou gredins, les Belges qui composent cette galerie ne furent-ils pas, somme toute, des victimes du drame de la guerre\u00a0?<\/p>\n<p><strong>EUTROPE<\/strong><\/p>\n<p><strong> <\/strong><\/p>\n<p><strong><em>Apocalypse en Belgique 1940-1945\u00a0: destins singuliers<\/em><\/strong>, par Bruno Deblander &amp; Louise Monaux, Bruxelles, \u00c9ditions Racine\/RTBF, avril\u00a02011, 208\u00a0pp. en noir et blanc au format 15\u00a0x\u00a023\u00a0cm sous couverture broch\u00e9e en couleurs, 19,95\u00a0\u20ac<\/p>\n<hr size=\"1\" \/><a href=\"#_ftnref1\">[1]<\/a> <em>Apocalypse en Belgique, 1940-1945. T\u00e9moignages in\u00e9dits<\/em> par Bruno Deblander &amp; Louise Monaux, Bruxelles, \u00c9ditions Racine\/RTBF, avril\u00a02010, 192\u00a0pp. en noir et blanc au format 15\u00a0x\u00a023\u00a0cm sous couverture broch\u00e9e en couleurs, 19,95\u00a0\u20ac<\/p>\n","protected":false},"excerpt":{"rendered":"<p>En 2009, France T\u00e9l\u00e9visions diffusait la remarquable s\u00e9rie documentaire Apocalypse, r\u00e9alis\u00e9e par Isabelle Clarke et Daniel Costelle, consacr\u00e9e aux combats qui ont \u00e9maill\u00e9 la Seconde Guerre mondiale. Il y \u00e9tait pr\u00e9sent\u00e9 par le biais de documents souvent peu connus, voire in\u00e9dits, un panorama intelligemment construit de l\u2019\u00e9volution du conflit et de ses diverses retomb\u00e9es sur les populations des deux camps.<\/p>\n","protected":false},"author":2,"featured_media":0,"comment_status":"open","ping_status":"open","sticky":false,"template":"","format":"standard","meta":[],"categories":[74,76],"tags":[],"_links":{"self":[{"href":"https:\/\/www.satiricon.be\/index.php?rest_route=\/wp\/v2\/posts\/3616"}],"collection":[{"href":"https:\/\/www.satiricon.be\/index.php?rest_route=\/wp\/v2\/posts"}],"about":[{"href":"https:\/\/www.satiricon.be\/index.php?rest_route=\/wp\/v2\/types\/post"}],"author":[{"embeddable":true,"href":"https:\/\/www.satiricon.be\/index.php?rest_route=\/wp\/v2\/users\/2"}],"replies":[{"embeddable":true,"href":"https:\/\/www.satiricon.be\/index.php?rest_route=%2Fwp%2Fv2%2Fcomments&post=3616"}],"version-history":[{"count":4,"href":"https:\/\/www.satiricon.be\/index.php?rest_route=\/wp\/v2\/posts\/3616\/revisions"}],"predecessor-version":[{"id":3628,"href":"https:\/\/www.satiricon.be\/index.php?rest_route=\/wp\/v2\/posts\/3616\/revisions\/3628"}],"wp:attachment":[{"href":"https:\/\/www.satiricon.be\/index.php?rest_route=%2Fwp%2Fv2%2Fmedia&parent=3616"}],"wp:term":[{"taxonomy":"category","embeddable":true,"href":"https:\/\/www.satiricon.be\/index.php?rest_route=%2Fwp%2Fv2%2Fcategories&post=3616"},{"taxonomy":"post_tag","embeddable":true,"href":"https:\/\/www.satiricon.be\/index.php?rest_route=%2Fwp%2Fv2%2Ftags&post=3616"}],"curies":[{"name":"wp","href":"https:\/\/api.w.org\/{rel}","templated":true}]}}