{"id":3885,"date":"2011-06-24T14:06:17","date_gmt":"2011-06-24T12:06:17","guid":{"rendered":"http:\/\/www.satiricon.be\/?p=3885"},"modified":"2011-06-24T15:33:24","modified_gmt":"2011-06-24T13:33:24","slug":"appel-a-la-guerre-saine%e2%80%a6","status":"publish","type":"post","link":"https:\/\/www.satiricon.be\/?p=3885","title":{"rendered":"Appel \u00e0 la guerre saine\u2026"},"content":{"rendered":"<p style=\"text-align: center;\"><a href=\"https:\/\/www.satiricon.be\/wp-content\/uploads\/2011\/06\/Blasph\u00e8me.gif\"><img loading=\"lazy\" class=\"size-full wp-image-3886  aligncenter\" title=\"Blasph\u00e8me\" src=\"https:\/\/www.satiricon.be\/wp-content\/uploads\/2011\/06\/Blasph\u00e8me.gif\" alt=\"\" width=\"224\" height=\"350\" srcset=\"https:\/\/www.satiricon.be\/wp-content\/uploads\/2011\/06\/Blasph\u00e8me.gif 224w, https:\/\/www.satiricon.be\/wp-content\/uploads\/2011\/06\/Blasph\u00e8me-192x300.gif 192w\" sizes=\"(max-width: 224px) 100vw, 224px\" \/><\/a><\/p>\n<p>Victime de l\u2019obscurantisme qui r\u00e8gne encore aujourd\u2019hui \u2013 et m\u00eame de plus en plus, semble-t-il \u2013 en ma\u00eetre au Pakistan, la jeune Asia Bibi explique dans <strong><em>Blasph\u00e8me<\/em><\/strong>, un t\u00e9moignage recueilli au fond de sa prison par Anne-Isabelle Tollet et publi\u00e9 \u00e0 Paris chez Oh \u00c9ditions, comment elle a \u00e9t\u00e9 arr\u00eat\u00e9e au Pendjab le 14\u00a0juin\u00a02009 puis condamn\u00e9e un an plus tard \u00e0 \u00eatre pendue pour avoir bu de l\u2019eau dans un puits durant son travail aux champs\u2026<\/p>\n<p>Car cette paysanne, m\u00e8re de cinq enfants, est chr\u00e9tienne alors que le Pakistan est musulman, et elle s\u2019est vue par cons\u00e9quent accus\u00e9e de blasph\u00e8me pour avoir \u00ab\u00a0souill\u00e9 l\u2019eau des femmes musulmanes\u00a0\u00bb\u2026<\/p>\n<p>Une accusation grotesque prof\u00e9r\u00e9e par des gens qui ne le sont pas moins\u00a0?<\/p>\n<p>Une trag\u00e9die, plut\u00f4t\u00a0: depuis lors, Asia Bibi croupit dans une ge\u00f4le sans fen\u00eatre tandis que les deux seules personnes qui ont vol\u00e9 \u00e0 son secours, le gouverneur du Pendjab et le ministre des Minorit\u00e9s, un musulman et un chr\u00e9tien, ont \u00e9t\u00e9 assassin\u00e9s sauvagement.<\/p>\n<p>Sa famille a par ailleurs d\u00fb fuir le village o\u00f9 elle vivotait suite aux menaces qu\u2019elle a subies en provenance d\u2019int\u00e9gristes cr\u00e9tins (ce qui, il est vrai et quelle que soit la religion qu\u2019ils pr\u00e9tendent d\u00e9fendre, est un pl\u00e9onasme&#8230;).<\/p>\n<p>Et Asia Bibi est devenue une ic\u00f4ne pour tous ceux qui luttent, au Pakistan et dans le monde, contre les violences faites au nom des religions, particuli\u00e8rement \u00e0 l\u2019encontre des femmes.<\/p>\n<p>Un combat dans lequel nous invitons ardemment les grandes voix et les hautes consciences musulmanes, notamment en Occident, \u00e0 s\u2019engager avec courage et d\u00e9termination, par exemple en prenant publiquement leurs distances avec les barbares impies et blasph\u00e9mateurs qui, au sein m\u00eame de l\u2019Islam, d\u00e9voient les pr\u00e9ceptes du Proph\u00e8te.<\/p>\n<p>Le respect par tous \u2013 \u00e0 commencer par ces personnalit\u00e9s elles-m\u00eames \u2013 et la p\u00e9rennit\u00e9 de leurs convictions sont \u00e0 ce prix\u00a0!<\/p>\n<p><strong>P\u00c9TRONE<\/strong><\/p>\n<p><strong><em>Blasph\u00e8me<\/em><\/strong> par Asia Bibi avec Anne-Isabelle Tollet, Paris, Oh \u00c9ditions, mai\u00a02011, 185\u00a0pp en noir et blanc au format 14,5\u00a0x\u00a022,5\u00a0cm sous couverture broch\u00e9e en quadrichromie, 16,90\u00a0\u20ac (prix France)<\/p>\n","protected":false},"excerpt":{"rendered":"<p>Victime de l\u2019obscurantisme qui r\u00e8gne encore aujourd\u2019hui \u2013 et m\u00eame de plus en plus, semble-t-il \u2013 en ma\u00eetre au Pakistan, la jeune Asia Bibi explique dans \u00ab\u00a0Blasph\u00e8me\u00a0\u00bb, un t\u00e9moignage recueilli au fond de sa prison par Anne-Isabelle Tollet et publi\u00e9 \u00e0 Paris chez Oh \u00c9ditions, comment elle a \u00e9t\u00e9 arr\u00eat\u00e9e au Pendjab le 14 juin 2009 puis condamn\u00e9e un an plus tard \u00e0 \u00eatre pendue pour avoir bu de l\u2019eau dans un puits durant son travail aux champs\u2026<\/p>\n","protected":false},"author":2,"featured_media":0,"comment_status":"open","ping_status":"open","sticky":false,"template":"","format":"standard","meta":[],"categories":[45,51,11],"tags":[],"_links":{"self":[{"href":"https:\/\/www.satiricon.be\/index.php?rest_route=\/wp\/v2\/posts\/3885"}],"collection":[{"href":"https:\/\/www.satiricon.be\/index.php?rest_route=\/wp\/v2\/posts"}],"about":[{"href":"https:\/\/www.satiricon.be\/index.php?rest_route=\/wp\/v2\/types\/post"}],"author":[{"embeddable":true,"href":"https:\/\/www.satiricon.be\/index.php?rest_route=\/wp\/v2\/users\/2"}],"replies":[{"embeddable":true,"href":"https:\/\/www.satiricon.be\/index.php?rest_route=%2Fwp%2Fv2%2Fcomments&post=3885"}],"version-history":[{"count":6,"href":"https:\/\/www.satiricon.be\/index.php?rest_route=\/wp\/v2\/posts\/3885\/revisions"}],"predecessor-version":[{"id":3892,"href":"https:\/\/www.satiricon.be\/index.php?rest_route=\/wp\/v2\/posts\/3885\/revisions\/3892"}],"wp:attachment":[{"href":"https:\/\/www.satiricon.be\/index.php?rest_route=%2Fwp%2Fv2%2Fmedia&parent=3885"}],"wp:term":[{"taxonomy":"category","embeddable":true,"href":"https:\/\/www.satiricon.be\/index.php?rest_route=%2Fwp%2Fv2%2Fcategories&post=3885"},{"taxonomy":"post_tag","embeddable":true,"href":"https:\/\/www.satiricon.be\/index.php?rest_route=%2Fwp%2Fv2%2Ftags&post=3885"}],"curies":[{"name":"wp","href":"https:\/\/api.w.org\/{rel}","templated":true}]}}