{"id":4530,"date":"2011-10-16T15:36:14","date_gmt":"2011-10-16T13:36:14","guid":{"rendered":"http:\/\/www.satiricon.be\/?p=4530"},"modified":"2011-10-16T15:36:25","modified_gmt":"2011-10-16T13:36:25","slug":"un-essai-juridique-pour-le-moins-decoiffant%e2%80%a6","status":"publish","type":"post","link":"https:\/\/www.satiricon.be\/?p=4530","title":{"rendered":"Un essai juridique pour le moins d\u00e9coiffant\u2026"},"content":{"rendered":"<p style=\"text-align: center;\"><a href=\"https:\/\/www.satiricon.be\/wp-content\/uploads\/2011\/10\/le-port-du-voile-islamique-dans-lenseignement.jpg\"><img loading=\"lazy\" class=\"size-full wp-image-4531  aligncenter\" title=\"Klu11-PORVOIL.VB.1001.indd\" src=\"https:\/\/www.satiricon.be\/wp-content\/uploads\/2011\/10\/le-port-du-voile-islamique-dans-lenseignement.jpg\" alt=\"\" width=\"232\" height=\"350\" srcset=\"https:\/\/www.satiricon.be\/wp-content\/uploads\/2011\/10\/le-port-du-voile-islamique-dans-lenseignement.jpg 232w, https:\/\/www.satiricon.be\/wp-content\/uploads\/2011\/10\/le-port-du-voile-islamique-dans-lenseignement-198x300.jpg 198w\" sizes=\"(max-width: 232px) 100vw, 232px\" \/><\/a><\/p>\n<p>Sous-titr\u00e9 <em>\u00c9volution juridique, sociologique et politique d\u2019une controverse multiculturelle sensible<\/em>, l\u2019essai juridique tr\u00e8s complet d\u2019Andr\u00e9 Van de Weyer qui vient de para\u00eetre \u00e0 Waterloo chez Kluwer sous le titre <strong><em>Le port du voile islamique dans l\u2019enseignement<\/em><\/strong> traite avec une belle objectivit\u00e9 et une grande mesure d\u2019un th\u00e8me pol\u00e9mique s\u2019il en est.<\/p>\n<p>Car dans notre pays, en particulier au sein des r\u00e9gions o\u00f9 les Belges de culture musulmane sont \u00e9tablis, le moins que l\u2019on puisse dire est que le vivre ensemble n\u2019est pas toujours ais\u00e9, notamment quand, comme on vient de le voir ces jours-ci dans une \u00e9cole saint-gilloise mise \u00e0 sac par de petites frappes t\u00e9l\u00e9guid\u00e9es du dehors, les \u00ab\u00a0barbus\u00a0\u00bb se m\u00ealent de vouloir imposer leur loi fasciste autant que r\u00e9trograde.<\/p>\n<p>Car si, dans un certain nombre de cas \u00e9minemment respectables, le port du hidjab manifeste une foi authentique dans le chef de la femme qui le porte, on sait bien qu\u2019il n\u2019en va malheureusement pas toujours ainsi et que nombre de nos jeunes compatriotes musulmanes, d\u2019ailleurs parfois elles-m\u00eames contraintes par un homme \u00e0 le porter ou bien pouss\u00e9es dans le dos par la maffia islamiste \u2013 la qu\u00eate \u00e9tant, comme chacun sait, le seul point commun \u00e0 toutes les religions du monde \u2013, n\u2019h\u00e9sitent pas \u00e0 s\u2019adonner dans les cours de r\u00e9cr\u00e9ation ou \u00e0 la sortie des \u00e9tablissements scolaires \u00e0 un pros\u00e9lytisme mena\u00e7ant voire violent, en parfaite contradiction, soit dit en passant, avec les valeurs les plus sacr\u00e9es de l\u2019Islam.<\/p>\n<p>Membre de la cellule juridique de la CSC-Enseignement et conseiller social \u00e0 la Cour du travail, Andr\u00e9 Van de Weyer a longuement \u0153uvr\u00e9 en faveur de l\u2019int\u00e9gration des plus faibles, notamment\u00a0 en enseignant durant plusieurs dizaines d\u2019ann\u00e9es dans un \u00e9tablissement \u00e0 \u00ab\u00a0discriminations positives\u00a0\u00bb d\u2019un quartier d\u00e9favoris\u00e9 de Bruxelles. Il a ainsi eu l\u2019occasion d\u2019observer au quotidien les mutations sociologiques qui s\u2019y sont succ\u00e9d\u00e9 et les difficult\u00e9s parfois sp\u00e9cifiques qu\u2019elles ont engendr\u00e9es.<\/p>\n<p>\u00c9coutons-le\u00a0:<\/p>\n<p>\u00ab\u00a0Depuis la fin des ann\u00e9es \u201980, la question du port du voile islamique, particuli\u00e8rement dans l\u2019enseignement, a aliment\u00e9 un grand nombre de discussions, de d\u00e9bats, de conflits et d\u2019actions en justice. Le relatif mutisme des textes l\u00e9gislatifs \u00e0 ce propos a amen\u00e9 la plupart des \u00e9coles \u00e0 pallier cette carence en d\u00e9finissant leurs propres r\u00e8glements int\u00e9rieurs. Se pose d\u00e8s lors la question de l\u2019opportunit\u00e9 de l\u00e9gif\u00e9rer sur le port de signes religieux dans les \u00e9tablissements scolaires afin de sortir du flou juridique actuel.<\/p>\n<p>Pour y r\u00e9pondre, j\u2019ai rassembl\u00e9 un maximum d\u2019\u00e9l\u00e9ments sur le sujet\u00a0: r\u00e9f\u00e9rences religieuses \u00e0 la base des requ\u00eates concernant le voile islamique, l\u00e9gislations nationales et internationales, jurisprudence europ\u00e9enne et belge, comparaison de la situation en Belgique francophone avec la communaut\u00e9 flamande ou d\u2019autres pays europ\u00e9ens, r\u00e9capitulation des positions des diff\u00e9rents partis politiques et des principales organisations et personnalit\u00e9s de la soci\u00e9t\u00e9 civile.<\/p>\n<p>Au-del\u00e0 du d\u00e9bat sur le voile (\u2026) les acteurs de l\u2019enseignement sont confront\u00e9s \u00e0 un certain nombre de questions complexes li\u00e9es \u00e0 la coexistence des citoyens dans une soci\u00e9t\u00e9 multiculturelle, sans avoir beaucoup de prise sur l\u2019\u00e9laboration de solutions de fond qui d\u00e9pendent d\u2019options \u00e0 prendre par notre soci\u00e9t\u00e9 dans son ensemble. (\u2026) La visibilit\u00e9 particuli\u00e8re de la question du voile et les applications juridiques qu\u2019elle a connues devraient permettre (\u2026) la recherche de pistes nouvelles (\u2026)\u00a0\u00bb.<\/p>\n<p>Soulignons et louons la grande mod\u00e9ration de l\u2019auteur qui, respectueux des points de vue de chacun, a produit une vaste et passionnante synth\u00e8se argumentative et alimente avec brio, dans un style clair et largement accessible loin des logorrh\u00e9es de tant de juristes, une r\u00e9flexion de fond qui va bien au-del\u00e0 des clivages id\u00e9ologiques ou religieux.<\/p>\n<p>Qui sont, rappelons-le, bien trop souvent g\u00e9n\u00e9rateurs, chez les partisans autant que chez les adversaires du port du voile islamique dans l\u2019espace public, d\u2019outrances et de d\u00e9bordements suant la haine aveugle et puant le racisme antioccidental ou la x\u00e9nophobie antimusulmane.<\/p>\n<p>Voici donc \u2013 enfin\u00a0! \u2013 un ouvrage permettant de mieux comprendre les \u00e9volutions et les enjeux qui accompagne(ro)nt l\u2019une des plus importantes mutations de la soci\u00e9t\u00e9 belge depuis le r\u00e8gne de Charles-Quint&#8230;<\/p>\n<p><strong>P\u00c9TRONE<\/strong><\/p>\n<p><strong><em>Le port du voile islamique dans l\u2019enseignement<\/em><\/strong> par Andr\u00e9 Van de Weyer, Waterloo, \u00c9ditions Wolters Kluwer Belgium, octobre\u00a02011, 264\u00a0pp. en noir et blanc au format 16\u00a0x\u00a024\u00a0cm sous couverture broch\u00e9e en quadrichromie, 55\u00a0\u20ac<\/p>\n","protected":false},"excerpt":{"rendered":"<p>Sous-titr\u00e9 \u00c9volution juridique, sociologique et politique d\u2019une controverse multiculturelle sensible, l\u2019essai juridique tr\u00e8s complet d\u2019Andr\u00e9 Van de Weyer qui vient de para\u00eetre \u00e0 Waterloo chez Kluwer sous le titre Le port du voile islamique dans l\u2019enseignement traite avec une belle objectivit\u00e9 et une grande mesure d\u2019un th\u00e8me pol\u00e9mique s\u2019il en est.<\/p>\n","protected":false},"author":2,"featured_media":0,"comment_status":"open","ping_status":"open","sticky":false,"template":"","format":"standard","meta":[],"categories":[45,49,48,11,10],"tags":[],"_links":{"self":[{"href":"https:\/\/www.satiricon.be\/index.php?rest_route=\/wp\/v2\/posts\/4530"}],"collection":[{"href":"https:\/\/www.satiricon.be\/index.php?rest_route=\/wp\/v2\/posts"}],"about":[{"href":"https:\/\/www.satiricon.be\/index.php?rest_route=\/wp\/v2\/types\/post"}],"author":[{"embeddable":true,"href":"https:\/\/www.satiricon.be\/index.php?rest_route=\/wp\/v2\/users\/2"}],"replies":[{"embeddable":true,"href":"https:\/\/www.satiricon.be\/index.php?rest_route=%2Fwp%2Fv2%2Fcomments&post=4530"}],"version-history":[{"count":2,"href":"https:\/\/www.satiricon.be\/index.php?rest_route=\/wp\/v2\/posts\/4530\/revisions"}],"predecessor-version":[{"id":4533,"href":"https:\/\/www.satiricon.be\/index.php?rest_route=\/wp\/v2\/posts\/4530\/revisions\/4533"}],"wp:attachment":[{"href":"https:\/\/www.satiricon.be\/index.php?rest_route=%2Fwp%2Fv2%2Fmedia&parent=4530"}],"wp:term":[{"taxonomy":"category","embeddable":true,"href":"https:\/\/www.satiricon.be\/index.php?rest_route=%2Fwp%2Fv2%2Fcategories&post=4530"},{"taxonomy":"post_tag","embeddable":true,"href":"https:\/\/www.satiricon.be\/index.php?rest_route=%2Fwp%2Fv2%2Ftags&post=4530"}],"curies":[{"name":"wp","href":"https:\/\/api.w.org\/{rel}","templated":true}]}}