{"id":4724,"date":"2011-11-12T11:46:53","date_gmt":"2011-11-12T09:46:53","guid":{"rendered":"http:\/\/www.satiricon.be\/?p=4724"},"modified":"2011-11-12T11:47:54","modified_gmt":"2011-11-12T09:47:54","slug":"quand-la-parole-etait-aux-actes%e2%80%a6","status":"publish","type":"post","link":"https:\/\/www.satiricon.be\/?p=4724","title":{"rendered":"Quand la parole \u00e9tait aux actes\u2026"},"content":{"rendered":"<p style=\"text-align: center;\"><a href=\"https:\/\/www.satiricon.be\/wp-content\/uploads\/2011\/11\/Les-Fran\u00e7ais-parlent-aux-Fran\u00e7ais-1941-1942.jpg\"><img loading=\"lazy\" class=\"size-full wp-image-4725  aligncenter\" title=\"Les Fran\u00e7ais parlent aux Fran\u00e7ais (1941-1942)\" src=\"https:\/\/www.satiricon.be\/wp-content\/uploads\/2011\/11\/Les-Fran\u00e7ais-parlent-aux-Fran\u00e7ais-1941-1942.jpg\" alt=\"\" width=\"234\" height=\"350\" srcset=\"https:\/\/www.satiricon.be\/wp-content\/uploads\/2011\/11\/Les-Fran\u00e7ais-parlent-aux-Fran\u00e7ais-1941-1942.jpg 234w, https:\/\/www.satiricon.be\/wp-content\/uploads\/2011\/11\/Les-Fran\u00e7ais-parlent-aux-Fran\u00e7ais-1941-1942-200x300.jpg 200w\" sizes=\"(max-width: 234px) 100vw, 234px\" \/><\/a><\/p>\n<p>L\u2019ouvrage intitul\u00e9 <strong><em>Les Fran\u00e7ais parlent aux Fran\u00e7ais 1941-1942<\/em><\/strong>, pr\u00e9sent\u00e9 par Jacques Pessis et qui vient de para\u00eetre aux \u00c9ditions Omnibus \u00e0 Paris constitue le deuxi\u00e8me tome d\u2019une s\u00e9rie de documents historiques exceptionnels proposant un choix in\u00e9dit des meilleurs textes de la mythique \u00e9mission \u00e9ponyme diffus\u00e9e sur Radio Londres entre juin\u00a01940 et octobre\u00a01944.<\/p>\n<p>Le premier volume s\u2019arr\u00eatait au 18\u00a0juin\u00a01941, un an apr\u00e8s le fameux appel du g\u00e9n\u00e9ral de Gaulle qui marqua la naissance de la France Libre. Le deuxi\u00e8me va du 19\u00a0juin\u00a01941 \u00e0 fin novembre\u00a01942\u00a0et commente les \u00e9v\u00e9nements de l\u2019\u00e9poque\u00a0: l\u2019attaque de l\u2019URSS par les Allemands et les premiers revers des arm\u00e9es de l\u2019Axe confront\u00e9es \u00e0 l\u2019hiver russe, les succ\u00e8s des forces alli\u00e9es en Afrique du Nord, le durcissement de la mainmise nazie sur le territoire fran\u00e7ais et la r\u00e9sistance qui s\u2019organise, les pers\u00e9cutions des Juifs et les rafles, les d\u00e9portations (en particulier en Europe de l&rsquo;Est), le STO&#8230;<\/p>\n<p>Malgr\u00e9 le brouillage et les arrestations, l&rsquo;audience grandit sur le continent, alors que la r\u00e9sistance s&rsquo;organise et que la guerre, d\u00e9sormais mondiale apr\u00e8s l&rsquo;engagement des \u00c9tats-Unis, est \u00e0 un tournant.<\/p>\n<p>Sous la plume de personnalit\u00e9s telles que Ren\u00e9 Cassin, Georges Bernanos, Miriam Cendrars, Jacques Maritain, Georges Boris, Jules Romains, Jacques Soustelle \u2013 et m\u00eame Winston Churchill\u2013, de chroniqueurs r\u00e9guliers tels que Maurice Schumann, Michel Saint-Denis alias Jacques Duchesne, Jean Oberl\u00e9, Henri Hauck, Pierre Maillaud alias Pierre Bourdan, Fran\u00e7ois Quilici, Paul Bonifas, on d\u00e9couvre, jour apr\u00e8s jour, la r\u00e9alit\u00e9 du conflit par des commentaires de l\u2019actualit\u00e9, messages de r\u00e9sistance et d\u2019espoir autant qu\u2019efficace contre-propagande \u00e0 l\u2019id\u00e9ologie nazie et vichyste. Des encadr\u00e9s historiques proposent mois par mois un r\u00e9sum\u00e9 de la situation du moment ainsi que des gros plans sur des personnalit\u00e9s (Pierre Brossolette, Honor\u00e9 d\u2019Estienne d\u2019Orves, le g\u00e9n\u00e9ral Georges Catroux, Pierre Billotte, Franck Bauer, Jean Moulin, Emmanuel d\u2019Astier de la  Vigerie\u2026).<\/p>\n<p>Les voix de la libert\u00e9\u2026<\/p>\n<p><strong>P\u00c9TRONE<\/strong><\/p>\n<p><strong><em>Les Fran\u00e7ais parlent aux Fran\u00e7ais 1941-1942<\/em><\/strong> pr\u00e9sent\u00e9 par Jacques Pessis, pr\u00e9face de Jean-Louis Cr\u00e9mieux-Brilhac, Paris, octobre\u00a02011, \u00c9ditions Omnibus en association avec la Fondation  Charles-de-Gaulle, 1600\u00a0pp. en noir et blanc au format 13,2\u00a0x\u00a019,8\u00a0cm sous couverture broch\u00e9e \u00e0 rabats et en quadrichromie, 34\u00a0\u20ac (prix France)<\/p>\n","protected":false},"excerpt":{"rendered":"<p>L\u2019ouvrage intitul\u00e9 \u201cLes Fran\u00e7ais parlent aux Fran\u00e7ais 1941-1942\u201d, pr\u00e9sent\u00e9 par Jacques Pessis et qui vient de para\u00eetre aux \u00c9ditions Omnibus \u00e0 Paris constitue le deuxi\u00e8me tome d\u2019une s\u00e9rie de documents historiques exceptionnels proposant un choix in\u00e9dit des meilleurs textes de la mythique \u00e9mission \u00e9ponyme diffus\u00e9e sur Radio Londres entre juin 1940 et octobre 1944.<\/p>\n","protected":false},"author":2,"featured_media":0,"comment_status":"open","ping_status":"open","sticky":false,"template":"","format":"standard","meta":[],"categories":[51,11],"tags":[],"_links":{"self":[{"href":"https:\/\/www.satiricon.be\/index.php?rest_route=\/wp\/v2\/posts\/4724"}],"collection":[{"href":"https:\/\/www.satiricon.be\/index.php?rest_route=\/wp\/v2\/posts"}],"about":[{"href":"https:\/\/www.satiricon.be\/index.php?rest_route=\/wp\/v2\/types\/post"}],"author":[{"embeddable":true,"href":"https:\/\/www.satiricon.be\/index.php?rest_route=\/wp\/v2\/users\/2"}],"replies":[{"embeddable":true,"href":"https:\/\/www.satiricon.be\/index.php?rest_route=%2Fwp%2Fv2%2Fcomments&post=4724"}],"version-history":[{"count":2,"href":"https:\/\/www.satiricon.be\/index.php?rest_route=\/wp\/v2\/posts\/4724\/revisions"}],"predecessor-version":[{"id":4727,"href":"https:\/\/www.satiricon.be\/index.php?rest_route=\/wp\/v2\/posts\/4724\/revisions\/4727"}],"wp:attachment":[{"href":"https:\/\/www.satiricon.be\/index.php?rest_route=%2Fwp%2Fv2%2Fmedia&parent=4724"}],"wp:term":[{"taxonomy":"category","embeddable":true,"href":"https:\/\/www.satiricon.be\/index.php?rest_route=%2Fwp%2Fv2%2Fcategories&post=4724"},{"taxonomy":"post_tag","embeddable":true,"href":"https:\/\/www.satiricon.be\/index.php?rest_route=%2Fwp%2Fv2%2Ftags&post=4724"}],"curies":[{"name":"wp","href":"https:\/\/api.w.org\/{rel}","templated":true}]}}