{"id":4775,"date":"2011-11-19T20:07:12","date_gmt":"2011-11-19T18:07:12","guid":{"rendered":"http:\/\/www.satiricon.be\/?p=4775"},"modified":"2011-11-19T20:07:12","modified_gmt":"2011-11-19T18:07:12","slug":"la-bataille-de-trop","status":"publish","type":"post","link":"https:\/\/www.satiricon.be\/?p=4775","title":{"rendered":"La bataille de trop ?"},"content":{"rendered":"<p style=\"text-align: center;\"><a href=\"https:\/\/www.satiricon.be\/wp-content\/uploads\/2011\/11\/Le-dernier-assaut.jpg\"><img loading=\"lazy\" class=\"size-full wp-image-4776  aligncenter\" title=\"Le dernier assaut\" src=\"https:\/\/www.satiricon.be\/wp-content\/uploads\/2011\/11\/Le-dernier-assaut.jpg\" alt=\"\" width=\"226\" height=\"350\" srcset=\"https:\/\/www.satiricon.be\/wp-content\/uploads\/2011\/11\/Le-dernier-assaut.jpg 226w, https:\/\/www.satiricon.be\/wp-content\/uploads\/2011\/11\/Le-dernier-assaut-193x300.jpg 193w\" sizes=\"(max-width: 226px) 100vw, 226px\" \/><\/a><\/p>\n<p>Constituant une profonde remise en question, l\u2019essai de l\u2019historien britannique Charles Whiting intitul\u00e9 <strong><em>Le dernier assaut<\/em><\/strong> qui vient de para\u00eetre aux \u00c9ditions Luc Pire \u00e0 Li\u00e8ge dans une collection dirig\u00e9e et \u00e9dit\u00e9e par votre serviteur jette un fameux pav\u00e9 dans la mare.<\/p>\n<p>Car les historiens de la Deuxi\u00e8me Guerre mondiale ont g\u00e9n\u00e9ralement admis que les Am\u00e9ricains furent compl\u00e8tement surpris par la derni\u00e8re offensive allemande, la perc\u00e9e d\u2019Ardenne en d\u00e9cembre\u00a01944, connue comme la Bataille d\u2019Ardenne ou Bataille du Saillant.<\/p>\n<p>Mais furent-ils r\u00e9ellement pris de court\u00a0? Dans cette remarquable r\u00e9\u00e9valuation des jours dramatiques qui pr\u00e9c\u00e9d\u00e8rent le dernier No\u00ebl de la guerre, Charles Whiting affirme qu\u2019ils ne le furent probablement pas. La question suivante vient alors \u00e0 l\u2019esprit\u00a0: \u00ab\u00a0Si les Am\u00e9ricains savaient que les Allemands arrivaient, pourquoi ne renforc\u00e8rent-ils pas leurs troupes dans le secteur faiblement d\u00e9fendu de l\u2019Ardenne\u00a0?\u00a0\u00bb<\/p>\n<p>Pourquoi, en effet\u00a0!<\/p>\n<p>Ce qui est certain, c\u2019est que, depuis la fin de la Deuxi\u00e8me Guerre mondiale, les d\u00e9tenteurs des archives officielles relatives \u00e0 cette page d\u2019histoire se sont toujours oppos\u00e9s \u00e0 tout examen de celles-ci, en d\u00e9pit du <em>Freedom of Information Act<\/em>.<\/p>\n<p>L\u2019auteur soul\u00e8ve donc une autre question\u00a0: \u00ab\u00a0Quelqu\u2019un essaierait-il de cacher quelque chose et pourquoi\u00a0?\u00a0\u00bb<\/p>\n<p>Sur la base de ce qu\u2019il a pu recueillir dans des documents non encore class\u00e9s et \u00e0 partir des renseignements fournis par les nombreux survivants des combats avec lesquels il est entr\u00e9 en contact, Charles Whiting tente de r\u00e9pondre \u00e0 ces questions.<\/p>\n<p>Ce faisant, il sugg\u00e8re que, si et quand toutes les informations concernant la  Bataille d\u2019Ardenne seront rendues disponibles, il faudra peut-\u00eatre reconsid\u00e9rer s\u00e9rieusement cette campagne br\u00e8ve mais sanglante dans laquelle des milliers de jeunes soldats am\u00e9ricains perdirent la vie, \u00e0 un moment o\u00f9 beaucoup estimaient la guerre comme pratiquement gagn\u00e9e\u2026<\/p>\n<p><strong>P\u00c9TRONE<\/strong><\/p>\n<p><strong><em>Le dernier assaut<\/em><\/strong> par Charles Whiting, ouvrage traduit de l\u2019anglais par Paul Maquet et Josette Maquet-Dubois, Li\u00e8ge, \u00c9ditions Luc Pire, 302\u00a0pp. de texte +\u00a016\u00a0pp. de photographies en noir et blanc au format 14\u00a0x\u00a021,5\u00a0cm sous couverture broch\u00e9e en couleurs, 28\u00a0\u20ac<\/p>\n","protected":false},"excerpt":{"rendered":"<p>Constituant une profonde remise en question, l\u2019essai de l\u2019historien britannique Charles Whiting intitul\u00e9 Le dernier assaut qui vient de para\u00eetre aux \u00c9ditions Luc Pire \u00e0 Li\u00e8ge dans une collection dirig\u00e9e et \u00e9dit\u00e9e par votre serviteur jette un fameux pav\u00e9 dans la mare. Car les historiens de la Deuxi\u00e8me Guerre mondiale ont g\u00e9n\u00e9ralement admis que les [&hellip;]<\/p>\n","protected":false},"author":2,"featured_media":0,"comment_status":"open","ping_status":"open","sticky":false,"template":"","format":"standard","meta":[],"categories":[51,11],"tags":[],"_links":{"self":[{"href":"https:\/\/www.satiricon.be\/index.php?rest_route=\/wp\/v2\/posts\/4775"}],"collection":[{"href":"https:\/\/www.satiricon.be\/index.php?rest_route=\/wp\/v2\/posts"}],"about":[{"href":"https:\/\/www.satiricon.be\/index.php?rest_route=\/wp\/v2\/types\/post"}],"author":[{"embeddable":true,"href":"https:\/\/www.satiricon.be\/index.php?rest_route=\/wp\/v2\/users\/2"}],"replies":[{"embeddable":true,"href":"https:\/\/www.satiricon.be\/index.php?rest_route=%2Fwp%2Fv2%2Fcomments&post=4775"}],"version-history":[{"count":1,"href":"https:\/\/www.satiricon.be\/index.php?rest_route=\/wp\/v2\/posts\/4775\/revisions"}],"predecessor-version":[{"id":4777,"href":"https:\/\/www.satiricon.be\/index.php?rest_route=\/wp\/v2\/posts\/4775\/revisions\/4777"}],"wp:attachment":[{"href":"https:\/\/www.satiricon.be\/index.php?rest_route=%2Fwp%2Fv2%2Fmedia&parent=4775"}],"wp:term":[{"taxonomy":"category","embeddable":true,"href":"https:\/\/www.satiricon.be\/index.php?rest_route=%2Fwp%2Fv2%2Fcategories&post=4775"},{"taxonomy":"post_tag","embeddable":true,"href":"https:\/\/www.satiricon.be\/index.php?rest_route=%2Fwp%2Fv2%2Ftags&post=4775"}],"curies":[{"name":"wp","href":"https:\/\/api.w.org\/{rel}","templated":true}]}}