{"id":4837,"date":"2011-11-27T21:06:23","date_gmt":"2011-11-27T19:06:23","guid":{"rendered":"http:\/\/www.satiricon.be\/?p=4837"},"modified":"2011-11-27T21:06:42","modified_gmt":"2011-11-27T19:06:42","slug":"blood-sweat-tears%e2%80%a6-and-defeat","status":"publish","type":"post","link":"https:\/\/www.satiricon.be\/?p=4837","title":{"rendered":"Blood, sweat, tears\u2026 and defeat"},"content":{"rendered":"<p style=\"text-align: center;\"><a href=\"https:\/\/www.satiricon.be\/wp-content\/uploads\/2011\/11\/Les-guerres-d\u2019Indochine-tome-1.gif\"><img loading=\"lazy\" class=\"size-full wp-image-4839  aligncenter\" title=\"Les guerres d\u2019Indochine (tome 1)\" src=\"https:\/\/www.satiricon.be\/wp-content\/uploads\/2011\/11\/Les-guerres-d\u2019Indochine-tome-1.gif\" alt=\"\" width=\"231\" height=\"350\" srcset=\"https:\/\/www.satiricon.be\/wp-content\/uploads\/2011\/11\/Les-guerres-d\u2019Indochine-tome-1.gif 231w, https:\/\/www.satiricon.be\/wp-content\/uploads\/2011\/11\/Les-guerres-d\u2019Indochine-tome-1-198x300.gif 198w\" sizes=\"(max-width: 231px) 100vw, 231px\" \/><\/a><\/p>\n<p>Saluons l\u2019heureuse initiative des \u00c9ditions Tallandier \u00e0 Paris qui ont r\u00e9\u00e9dit\u00e9 <a href=\"#_ftn1\">[1]<\/a>, dans une version de poche mise \u00e0 jour, les deux tomes de la remarquable somme historique de Philippe Franchini \u2013 grand sp\u00e9cialiste s\u2019il en est, par ailleurs n\u00e9 \u00e0 Saigon d\u2019un p\u00e8re corse et d\u2019une m\u00e8re vietnamienne \u2013intitul\u00e9e <strong><em>Les guerres d\u2019Indochine<\/em><\/strong>, un ouvrage qui brille autant par son \u00e9rudition que par la fluidit\u00e9 de son propos et la perspicacit\u00e9 de ses interpr\u00e9tations.<\/p>\n<p>Le premier volume va des origines du pays (sept si\u00e8cles avant J\u00e9sus-Christ) et des pr\u00e9misses de la colonisation fran\u00e7aise (par le commerce et l\u2019\u00e9vang\u00e9lisation d\u00e8s le XVII<sup>e <\/sup>si\u00e8cle) jusqu\u2019au soutien de la Chine mao\u00efste \u00e0 Ho Chi Minh en 1949, en passant par la conqu\u00eate fran\u00e7aise au XIX<sup>e <\/sup>si\u00e8cle, l\u2019agitation nationaliste des ann\u00e9es 1920, la naissance de la Ligue Viet-Minh en mai\u00a01941, les accords franco-japonais sign\u00e9s par Vichy durant la Seconde Guerre mondiale, la r\u00e9sistance gaulliste au Japon \u00e0 la fin de 1943, les accords de Potsdam en ao\u00fbt\u00a01945, la proclamation de l\u2019ind\u00e9pendance du Vietnam \u00e0 Hanoi le 2\u00a0septembre\u00a01945, les premi\u00e8res violences antifran\u00e7aises en janvier\u00a01946 suivies d\u2019une g\u00e9n\u00e9ralisation du conflit en d\u00e9cembre de la m\u00eame ann\u00e9e, les tentatives politiques de r\u00e9solution du conflit en 1947-48 et les lourds combats de l\u2019ann\u00e9e\u00a01949.<\/p>\n<p>Le tome\u00a02 d\u00e9taille l\u2019internationalisation du conflit en raison de la reconnaissance mutuelle, en janvier\u00a01950, du gouvernement vietminh et des r\u00e9gimes communistes chinois et sovi\u00e9tique d\u2019une part, et de la reconnaissance du Vietnam baoda\u00efste par la Grande-Bretagne et les \u00c9tats-Unis d\u2019autre part, jusqu\u2019\u00e0 la chute apocalyptique de Saigon le 30\u00a0avril\u00a01975, apr\u00e8s une cascade de d\u00e9faites occidentales (celles de la France \u00e0 Caobang en 1950 et de Di\u00ean Bi\u00ean Ph\u00f9 en 1954, \u00e0 l\u2019issue de la bataille la plus meurtri\u00e8re et la plus longue de la guerre froide, suivie notamment de celles de Binghia \u00e0 la fin de 1964, du Cambodge en juin\u00a01970, de Hu\u00ea et Danang en mars\u00a01975, ou encore de Phnom Penh quelques jours plus tard), les USA ayant progressivement pris la rel\u00e8ve des Fran\u00e7ais sur le terrain \u00e0 partir de f\u00e9vrier\u00a01955 pour se jeter dans une escalade militaire \u00e0 l\u2019impopularit\u00e9 croissante tant aupr\u00e8s de la jeunesse yankee que des bouddhistes sur le terrain \u2013 on se souviendra, par exemple, de l\u2019immolation publique du bonze Quang Duc le 11\u00a0juin\u00a01962.<\/p>\n<p>On retrouve dans cette saga bien des noms, comme ceux de Winston Churchill, de Charles de Gaulle, de Georges Bidault, d\u2019Antoine Pinay, du commandant Marcel Bigeard, du colonel de Castries, des g\u00e9n\u00e9raux Jean de Lattre de Tassigny, Alphonse Juin et Henri Navarre, des pr\u00e9sidents Harry Truman, Dwight Eisenhower, John (et Robert) Kennedy, Lyndon Johnson, Richard Nixon et Gerald Ford, d\u2019Averell Harriman, de Foster Dulles, de Henry Cabot-Lodge, de Robert Mac Namara, de Maxwell Taylor, de Micha\u00ebl Forrestal, de William Fullbright, de Dean Rusk, de Hubert Humphrey, du g\u00e9n\u00e9ral Westmoreland, de Henry Kissinger, de U\u00a0Thant, de Nikita Krouchtchev, d\u2019Alexis Kossyguine, des g\u00e9n\u00e9raux vietminh Duong Van Minh et Vo Nguyen Giap, des politiciens Ngo Dinh Diem, Le Duc Tho, Pham Van Dong, Khieu Samphan, Le Van Kim, du mar\u00e9chal Lon Nol, des princes Norodom Sihanouk et Souvanna Phouma, de Mao Zedong, de Zhou Enlai ainsi que d\u2019une flop\u00e9e de Nguyen et de Tran\u2026<\/p>\n<p>Qui rappelleront s\u00fbrement bien des choses \u00e0 nos lecteurs quinquag\u00e9naires\u00a0!<\/p>\n<p><strong>P\u00c9TRONE<br \/>\n<\/strong><\/p>\n<p><strong><em>Les guerres d\u2019Indochine Tome\u00a01\u00a0: De la conqu\u00eate fran\u00e7aise \u00e0 1949 Tome\u00a02\u00a0: De 1949 \u00e0 la chute de Saigon<\/em><\/strong> par Philippe Franchini, Paris, \u00c9ditions Tallandier, collection \u00ab\u00a0Texto\u00a0\u00bb dirig\u00e9e par Jean-Claude Zylberstein, ao\u00fbt\u00a02011, 670\u00a0pp. + 780\u00a0pp. en noir et blanc au format 12\u00a0x\u00a018\u00a0cm sous couverture broch\u00e9e en couleurs, 12\u00a0\u20ac chacun (prix France)<\/p>\n<p style=\"text-align: center;\"><a href=\"https:\/\/www.satiricon.be\/wp-content\/uploads\/2011\/11\/Les-guerres-d\u2019Indochine-tome-2.gif\"><img loading=\"lazy\" class=\"size-full wp-image-4838  aligncenter\" title=\"Les guerres d\u2019Indochine  (tome 2)\" src=\"https:\/\/www.satiricon.be\/wp-content\/uploads\/2011\/11\/Les-guerres-d\u2019Indochine-tome-2.gif\" alt=\"\" width=\"228\" height=\"350\" srcset=\"https:\/\/www.satiricon.be\/wp-content\/uploads\/2011\/11\/Les-guerres-d\u2019Indochine-tome-2.gif 228w, https:\/\/www.satiricon.be\/wp-content\/uploads\/2011\/11\/Les-guerres-d\u2019Indochine-tome-2-195x300.gif 195w\" sizes=\"(max-width: 228px) 100vw, 228px\" \/><\/a><\/p>\n<hr size=\"1\" \/><a href=\"#_ftnref1\">[1]<\/a> La version princeps date de 1988, aux \u00c9ditions Pygmalion, et n\u2019\u00e9tait plus trouvable en librairie.<\/p>\n","protected":false},"excerpt":{"rendered":"<p>Saluons l\u2019heureuse initiative des \u00c9ditions Tallandier \u00e0 Paris qui ont r\u00e9\u00e9dit\u00e9 les deux tomes de la remarquable somme historique de Philippe Franchini intitul\u00e9e \u00ab\u00a0Les guerres d\u2019Indochine\u00a0\u00bb, un ouvrage qui brille autant par son \u00e9rudition que par la fluidit\u00e9 de son propos et la perspicacit\u00e9 de ses interpr\u00e9tations.<\/p>\n","protected":false},"author":2,"featured_media":0,"comment_status":"open","ping_status":"open","sticky":false,"template":"","format":"standard","meta":[],"categories":[28,51,11],"tags":[],"_links":{"self":[{"href":"https:\/\/www.satiricon.be\/index.php?rest_route=\/wp\/v2\/posts\/4837"}],"collection":[{"href":"https:\/\/www.satiricon.be\/index.php?rest_route=\/wp\/v2\/posts"}],"about":[{"href":"https:\/\/www.satiricon.be\/index.php?rest_route=\/wp\/v2\/types\/post"}],"author":[{"embeddable":true,"href":"https:\/\/www.satiricon.be\/index.php?rest_route=\/wp\/v2\/users\/2"}],"replies":[{"embeddable":true,"href":"https:\/\/www.satiricon.be\/index.php?rest_route=%2Fwp%2Fv2%2Fcomments&post=4837"}],"version-history":[{"count":3,"href":"https:\/\/www.satiricon.be\/index.php?rest_route=\/wp\/v2\/posts\/4837\/revisions"}],"predecessor-version":[{"id":4842,"href":"https:\/\/www.satiricon.be\/index.php?rest_route=\/wp\/v2\/posts\/4837\/revisions\/4842"}],"wp:attachment":[{"href":"https:\/\/www.satiricon.be\/index.php?rest_route=%2Fwp%2Fv2%2Fmedia&parent=4837"}],"wp:term":[{"taxonomy":"category","embeddable":true,"href":"https:\/\/www.satiricon.be\/index.php?rest_route=%2Fwp%2Fv2%2Fcategories&post=4837"},{"taxonomy":"post_tag","embeddable":true,"href":"https:\/\/www.satiricon.be\/index.php?rest_route=%2Fwp%2Fv2%2Ftags&post=4837"}],"curies":[{"name":"wp","href":"https:\/\/api.w.org\/{rel}","templated":true}]}}