{"id":4866,"date":"2011-12-03T19:43:12","date_gmt":"2011-12-03T17:43:12","guid":{"rendered":"http:\/\/www.satiricon.be\/?p=4866"},"modified":"2011-12-03T19:43:50","modified_gmt":"2011-12-03T17:43:50","slug":"4866","status":"publish","type":"post","link":"https:\/\/www.satiricon.be\/?p=4866","title":{"rendered":"Un cavalier qui surgit hors de la nuit\u2026"},"content":{"rendered":"<p style=\"text-align: center;\"><a href=\"https:\/\/www.satiricon.be\/wp-content\/uploads\/2011\/12\/Jerry-Spring-l\u2019int\u00e9grale-en-noir-et-blanc-tome-3.gif\"><img loading=\"lazy\" class=\"size-full wp-image-4868  aligncenter\" title=\"Jerry Spring, l\u2019int\u00e9grale en noir et blanc, tome 3\" src=\"https:\/\/www.satiricon.be\/wp-content\/uploads\/2011\/12\/Jerry-Spring-l\u2019int\u00e9grale-en-noir-et-blanc-tome-3.gif\" alt=\"\" width=\"254\" height=\"350\" srcset=\"https:\/\/www.satiricon.be\/wp-content\/uploads\/2011\/12\/Jerry-Spring-l\u2019int\u00e9grale-en-noir-et-blanc-tome-3.gif 254w, https:\/\/www.satiricon.be\/wp-content\/uploads\/2011\/12\/Jerry-Spring-l\u2019int\u00e9grale-en-noir-et-blanc-tome-3-217x300.gif 217w\" sizes=\"(max-width: 254px) 100vw, 254px\" \/><\/a><\/p>\n<p>Poursuivant la r\u00e9\u00e9dition des remarquables westerns dessin\u00e9s jadis par le grand b\u00e9d\u00e9iste belge Jij\u00e9 (alias Joseph Gillain, 1914-1980), les \u00c9ditions Dupuis \u00e0 Marcinelle ont mis r\u00e9cemment sur le march\u00e9 les tomes\u00a03 et 4 de <strong><em>Jerry Spring, l\u2019int\u00e9grale en noir et blanc<\/em><\/strong> rassemblant les aventures du cow-boy au grand c\u0153ur, de son ami Sancho et de son cheval Ruby parues en album en 1960 (<em>Fort Red Stone<\/em>), 1962 (<em>Le ma\u00eetre de la Sierra<\/em> et <em>La route de Coronado<\/em>), 1964 (<em>El Zopilote<\/em> et <em>Pancho hors-la-loi<\/em>), 1965 (<em>Les broncos du Montana<\/em> et <em>Mon ami Red<\/em>) et 1974 (<em>Les vengeurs du Sonora<\/em>), de pures merveilles graphiques (en aplats noirs sertis au pinceau ) autant que de grandes r\u00e9ussites sc\u00e9naristiques \u2013 r\u00e9alis\u00e9es pour certaines en collaboration avec Philippe Gillain \u2013 qui racontent comment nos h\u00e9ros se rient des intimidations, combattent l\u2019injustice, traquent les abus des puissants, c\u00f4toient les Indiens et partagent la vie des chevaux de part et d&rsquo;autre du Rio Grande.<\/p>\n<p>\u00ab\u00a0Toujours ax\u00e9 sur des probl\u00e8mes humains, pratiquant le western psychologique avant que le cin\u00e9ma am\u00e9ricain ne le d\u00e9couvre, se refusant \u00e0 la violence et glissant de nombreuses touches d&rsquo;humour dans ses r\u00e9cits, Jij\u00e9 a fait office de d\u00e9fricheur. Il a balay\u00e9 le western traditionnel peupl\u00e9 de mauvais Indiens \u00e0 abattre et de bons cow-boys sympathiques, pour chercher \u00e0 approcher de plus pr\u00e8s le fond des choses\u00a0\u00bb, indique la biographie de l\u2019auteur <a href=\"#_ftn1\">[1]<\/a>.<\/p>\n<p>On ne saurait mieux dire\u00a0!<\/p>\n<p><strong>P\u00c9TRONE<\/strong><\/p>\n<p><strong><em>Jerry Spring, l\u2019int\u00e9grale en noir et blanc<\/em><\/strong>, tome\u00a03 (rassemblant <em>Fort Red Stone<\/em>, <em>Le ma\u00eetre de la Sierra<\/em>, <em>La route de Coronado <\/em>et <em>El Zopilote<\/em>) et tome\u00a04 (rassemblant <em>Pancho hors-la-loi<\/em>, <em>Les broncos du Montana<\/em>, <em>Mon ami Red<\/em> et <em>Les vengeurs du Sonora<\/em>) par Jij\u00e9, Marcinelle, \u00c9ditions Dupuis, juin\u00a02011 et octobre\u00a02011, 231\u00a0pp. et 228\u00a0pp. en quadrichromie et en noir et blanc au format 30\u00a0x\u00a022\u00a0cm sous couverture cartonn\u00e9e en couleurs, 24,00\u00a0\u20ac chacun<\/p>\n<p style=\"text-align: center;\"><a href=\"https:\/\/www.satiricon.be\/wp-content\/uploads\/2011\/12\/Jerry-Spring-l\u2019int\u00e9grale-en-noir-et-blanc-tome-4.gif\"><img loading=\"lazy\" class=\"size-full wp-image-4867  aligncenter\" title=\"Jerry Spring, l\u2019int\u00e9grale en noir et blanc, tome 4\" src=\"https:\/\/www.satiricon.be\/wp-content\/uploads\/2011\/12\/Jerry-Spring-l\u2019int\u00e9grale-en-noir-et-blanc-tome-4.gif\" alt=\"\" width=\"253\" height=\"350\" srcset=\"https:\/\/www.satiricon.be\/wp-content\/uploads\/2011\/12\/Jerry-Spring-l\u2019int\u00e9grale-en-noir-et-blanc-tome-4.gif 253w, https:\/\/www.satiricon.be\/wp-content\/uploads\/2011\/12\/Jerry-Spring-l\u2019int\u00e9grale-en-noir-et-blanc-tome-4-216x300.gif 216w\" sizes=\"(max-width: 253px) 100vw, 253px\" \/><\/a><\/p>\n<hr size=\"1\" \/><a href=\"#_ftnref1\">[1]<\/a> <a href=\"http:\/\/www.bdparadisio.com\/scripts\/detail.cfm?id=390\">http:\/\/www.bdparadisio.com\/scripts\/detail.cfm?id=390<\/a><\/p>\n","protected":false},"excerpt":{"rendered":"<p>Poursuivant la r\u00e9\u00e9dition des remarquables westerns dessin\u00e9s jadis par le grand b\u00e9d\u00e9iste belge Jij\u00e9 (alias Joseph Gillain, 1914-1980), les \u00c9ditions Dupuis \u00e0 Marcinelle ont mis r\u00e9cemment sur le march\u00e9 les tomes 3 et 4 de \u00ab\u00a0Jerry Spring, l\u2019int\u00e9grale en noir et blanc\u00a0\u00bb rassemblant les aventures du cow-boy au grand c\u0153ur, de son ami Sancho et de son cheval Ruby.<\/p>\n","protected":false},"author":2,"featured_media":0,"comment_status":"open","ping_status":"open","sticky":false,"template":"","format":"standard","meta":[],"categories":[51,11],"tags":[],"_links":{"self":[{"href":"https:\/\/www.satiricon.be\/index.php?rest_route=\/wp\/v2\/posts\/4866"}],"collection":[{"href":"https:\/\/www.satiricon.be\/index.php?rest_route=\/wp\/v2\/posts"}],"about":[{"href":"https:\/\/www.satiricon.be\/index.php?rest_route=\/wp\/v2\/types\/post"}],"author":[{"embeddable":true,"href":"https:\/\/www.satiricon.be\/index.php?rest_route=\/wp\/v2\/users\/2"}],"replies":[{"embeddable":true,"href":"https:\/\/www.satiricon.be\/index.php?rest_route=%2Fwp%2Fv2%2Fcomments&post=4866"}],"version-history":[{"count":2,"href":"https:\/\/www.satiricon.be\/index.php?rest_route=\/wp\/v2\/posts\/4866\/revisions"}],"predecessor-version":[{"id":4870,"href":"https:\/\/www.satiricon.be\/index.php?rest_route=\/wp\/v2\/posts\/4866\/revisions\/4870"}],"wp:attachment":[{"href":"https:\/\/www.satiricon.be\/index.php?rest_route=%2Fwp%2Fv2%2Fmedia&parent=4866"}],"wp:term":[{"taxonomy":"category","embeddable":true,"href":"https:\/\/www.satiricon.be\/index.php?rest_route=%2Fwp%2Fv2%2Fcategories&post=4866"},{"taxonomy":"post_tag","embeddable":true,"href":"https:\/\/www.satiricon.be\/index.php?rest_route=%2Fwp%2Fv2%2Ftags&post=4866"}],"curies":[{"name":"wp","href":"https:\/\/api.w.org\/{rel}","templated":true}]}}