{"id":5030,"date":"2012-01-02T21:23:11","date_gmt":"2012-01-02T19:23:11","guid":{"rendered":"http:\/\/www.satiricon.be\/?p=5030"},"modified":"2012-01-02T21:23:11","modified_gmt":"2012-01-02T19:23:11","slug":"au-coeur-des-monopoles","status":"publish","type":"post","link":"https:\/\/www.satiricon.be\/?p=5030","title":{"rendered":"Au c\u0153ur des monopoles"},"content":{"rendered":"<p style=\"text-align: center;\"><a href=\"https:\/\/www.satiricon.be\/wp-content\/uploads\/2012\/01\/Les-Stoclet.jpg\"><img loading=\"lazy\" class=\"size-full wp-image-5031  aligncenter\" title=\"Les Stoclet\" src=\"https:\/\/www.satiricon.be\/wp-content\/uploads\/2012\/01\/Les-Stoclet.jpg\" alt=\"\" width=\"226\" height=\"350\" srcset=\"https:\/\/www.satiricon.be\/wp-content\/uploads\/2012\/01\/Les-Stoclet.jpg 226w, https:\/\/www.satiricon.be\/wp-content\/uploads\/2012\/01\/Les-Stoclet-193x300.jpg 193w\" sizes=\"(max-width: 226px) 100vw, 226px\" \/><\/a><\/p>\n<p>Quand on prononce le nom de Stoclet, c\u2019est bien souvent pour \u00e9voquer le \u00ab\u00a0palais\u00a0\u00bb \u00e9ponyme de l\u2019avenue de Tervuren qui d\u00e9fraie la chronique depuis plusieurs ann\u00e9es. Ce bijou d\u2019architecture, plac\u00e9 depuis 2009 sur la liste du patrimoine mondial de l\u2019UNESCO, est en effet au centre d\u2019une querelle judiciaire entre quatre h\u00e9riti\u00e8res du b\u00e2timent et la R\u00e9gion de Bruxelles-Capitale \u00e0 propos du classement et de la vente de son mobilier <a href=\"#_ftn1\">[1]<\/a>. Une bien triste histoire qui rend la demeure, d\u00e9cor\u00e9e notamment par Klimt, non visitable \u00e0 l\u2019heure actuelle. Faute d\u2019entretien, la maison \u00e9tait d\u2019ailleurs tomb\u00e9e dans un \u00e9tat de d\u00e9labrement important avant que des travaux de r\u00e9novation y aient \u00e9t\u00e9 entam\u00e9s d&rsquo;urgence pour parer au plus press\u00e9 <a href=\"#_ftn2\">[2]<\/a>.<\/p>\n<p>Cependant, derri\u00e8re le b\u00e2timent, il y a surtout le nom d\u2019une dynastie d\u2019industriels belges dont Michel Dumoulin, professeur \u00e9m\u00e9rite d&rsquo;histoire \u00e0 l\u2019UCL, en collaboration avec Pierre-Olivier Laloux, chercheur dans cette universit\u00e9, a livr\u00e9 une tr\u00e8s compl\u00e8te biographie parue r\u00e9cemment aux \u00c9ditions Le Cri \u00e0 Bruxelles.<\/p>\n<p>Recherche fort aboutie par la qualit\u00e9 de sa documentation, compos\u00e9e de sources issues d\u2019archives diverses conserv\u00e9es tant en Belgique qu\u2019\u00e0 l\u2019\u00e9tranger, enrichie d\u2019une tr\u00e8s large bibliographie ainsi que de t\u00e9moignages oraux, ou \u2013plus original \u2013 d\u2019analyses graphologiques des lettres des Stoclet, l\u2019ouvrage s\u2019adressera tant au public familier de l\u2019histoire \u00e9conomique et sociale des XIX et XX<sup>e<\/sup> si\u00e8cles, qu\u2019aux n\u00e9ophytes curieux.<\/p>\n<p>Car c\u2019est bel et bien une saga familiale hors du commun qui est retrac\u00e9e dans cet opus. Avec le patriarche Adolphe\u00a0I<sup>er<\/sup>, un fils de couteliers de Gembloux n\u00e9 en\u00a01814, elle d\u00e9bute par l\u2019histoire d\u2019un \u00ab\u00a0self-made man\u00a0\u00bb, jeune dipl\u00f4m\u00e9 en droit de l\u2019universit\u00e9 de Li\u00e8ge qui entama sa carri\u00e8re comme preneur de brevets, entre autres pour le compte de son beau-p\u00e8re, et termina sa vie \u00e0 la t\u00eate d\u2019une fortune consid\u00e9rable en tant qu\u2019administrateur de diff\u00e9rentes compagnies industrielles et commerciales, non sans avoir r\u00e9alis\u00e9 quelques transactions immobili\u00e8res juteuses au passage, et construit l\u2019immense domaine d\u2019Ostemer\u00e9e pr\u00e8s de Dinant.<\/p>\n<p>Elle se poursuivit avec Victor, un ing\u00e9nieur qui prolongera l\u2019\u0153uvre paternelle dans l\u2019administration de compagnies de chemins de fer, en Belgique et \u00e0 l\u2019\u00e9tranger (notamment en Chine \u00e0 la faveur de l\u2019expansion commerciale belge en Extr\u00eame-Orient sous l\u2019impulsion de L\u00e9opold\u00a0II). \u00c0\u00a0sa suite, ses deux fils Victor et Adolphe prendront la rel\u00e8ve (ce dernier entrant un peu plus dans la l\u00e9gende en commandant \u00e0 Hoffmann la villa de l\u2019avenue de Tervuren), puis ses h\u00e9ritiers Ren\u00e9 et Philippe, celui-ci signataire de la pr\u00e9face de l\u2019ouvrage.<\/p>\n<p>Au fil des pages se d\u00e9m\u00ealent les fils entrelac\u00e9s de cette histoire de dynastie aux ramifications europ\u00e9ennes par les diff\u00e9rents mariages, d\u2019amour ou de raison, qu\u2019elle eut \u00e0 c\u00e9l\u00e9brer. Comme dans toutes les familles, les relations entre les Stoclet furent tant\u00f4t cordiales et fraternelles, tant\u00f4t marqu\u00e9es du sceau de l\u2019incompr\u00e9hension, de la jalousie, voire de la haine entre p\u00e8re et fils, fr\u00e8res et beaux-fr\u00e8res, filles et belles-m\u00e8res, cousins et cousines.<\/p>\n<p>Sous les dorures des palaces ou autour des tables rondes des conseils d\u2019administration, c\u2019est donc une com\u00e9die humaine qu\u2019on lira, celle d\u2019une famille de riches capitalistes dans une Belgique qui ne doutait pas encore de sa puissance. L\u2019ouvrage invite \u00e9galement au voyage, quand \u00ab\u00a0Bruxelles r\u00eavait\u00a0\u00bb, dans le Paris, le Milan, le Saint-P\u00e9tersbourg et la Vienne de la Belle \u00c9poque. Il r\u00e9v\u00e8le aussi comment la famille traversa avec plus ou moins de bonheur les deux guerres mondiales, ou g\u00e9ra les d\u00e9fis de la reconstruction \u00e9conomique europ\u00e9enne.<\/p>\n<p>Une belle \u00e9tude de ce \u00ab\u00a0microcosme d\u2019ambitions et de passions\u00a0\u00bb, qui refl\u00e8te bien les relations complexes entretenues au sein des r\u00e9seaux \u00e9conomiques et politiques entre hommes et femmes, autour de l\u2019ambition, de l\u2019argent et du pouvoir\u2026<\/p>\n<p><strong>EUTROPE<\/strong><\/p>\n<p><strong><em>Les Stoclet, microcosme d\u2019ambitions et de passions<\/em><\/strong> par Michel Dumoulin avec la collaboration de Pierre-Olivier Laloux, pr\u00e9face de Philippe Stoclet, Bruxelles, \u00c9ditions Le Cri, collection Belgique Europe Outre-mer, novembre\u00a02011, 536\u00a0pp. en noir et blanc au format 15,5\u00a0x\u00a024\u00a0cm sous couverture broch\u00e9e en quadrichromie, 30\u00a0\u20ac.<\/p>\n<hr size=\"1\" \/><a href=\"#_ftnref1\">[1]<\/a> Voir l&rsquo;article de Guy Duplat, \u00ab\u00a0La saga juridique du palais Stoclet\u00a0\u00bb, dans <em>La Libre Belgique<\/em> du 12-13\/01\/2008.<\/p>\n<p><a href=\"#_ftnref2\">[2]<\/a> Voir l&rsquo;article de Guy Duplat, \u00ab\u00a0La saga du palais Stoclet\u00a0\u00bb, dans <em>La Libre Belgique<\/em> du 27\/07\/2009 et, du m\u00eame auteur, \u00ab\u00a0Le palais Stoclet a cent ans mais reste ferm\u00e9\u00a0\u00bb, dans <em>La Libre Belgique<\/em> du 7\/01\/2011\u00a0; voir \u00e9galement l\u2019ouvrage que nous recensons, aux pages \u00a0444 \u00e0 448.<\/p>\n","protected":false},"excerpt":{"rendered":"<p>Quand on prononce le nom de Stoclet, c\u2019est bien souvent pour \u00e9voquer le \u00ab palais \u00bb \u00e9ponyme de l\u2019avenue de Tervuren qui d\u00e9fraie la chronique depuis plusieurs ann\u00e9es. Cependant, derri\u00e8re le b\u00e2timent, il y a surtout le nom d\u2019une dynastie d\u2019industriels belges dont Michel Dumoulin, professeur \u00e9m\u00e9rite d&rsquo;histoire \u00e0 l\u2019UCL, en collaboration avec Pierre-Olivier Laloux, chercheur dans cette universit\u00e9, a livr\u00e9 une tr\u00e8s compl\u00e8te biographie parue r\u00e9cemment aux \u00c9ditions Le Cri \u00e0 Bruxelles.<\/p>\n","protected":false},"author":2,"featured_media":0,"comment_status":"open","ping_status":"open","sticky":false,"template":"","format":"standard","meta":[],"categories":[77,43,11],"tags":[],"_links":{"self":[{"href":"https:\/\/www.satiricon.be\/index.php?rest_route=\/wp\/v2\/posts\/5030"}],"collection":[{"href":"https:\/\/www.satiricon.be\/index.php?rest_route=\/wp\/v2\/posts"}],"about":[{"href":"https:\/\/www.satiricon.be\/index.php?rest_route=\/wp\/v2\/types\/post"}],"author":[{"embeddable":true,"href":"https:\/\/www.satiricon.be\/index.php?rest_route=\/wp\/v2\/users\/2"}],"replies":[{"embeddable":true,"href":"https:\/\/www.satiricon.be\/index.php?rest_route=%2Fwp%2Fv2%2Fcomments&post=5030"}],"version-history":[{"count":1,"href":"https:\/\/www.satiricon.be\/index.php?rest_route=\/wp\/v2\/posts\/5030\/revisions"}],"predecessor-version":[{"id":5032,"href":"https:\/\/www.satiricon.be\/index.php?rest_route=\/wp\/v2\/posts\/5030\/revisions\/5032"}],"wp:attachment":[{"href":"https:\/\/www.satiricon.be\/index.php?rest_route=%2Fwp%2Fv2%2Fmedia&parent=5030"}],"wp:term":[{"taxonomy":"category","embeddable":true,"href":"https:\/\/www.satiricon.be\/index.php?rest_route=%2Fwp%2Fv2%2Fcategories&post=5030"},{"taxonomy":"post_tag","embeddable":true,"href":"https:\/\/www.satiricon.be\/index.php?rest_route=%2Fwp%2Fv2%2Ftags&post=5030"}],"curies":[{"name":"wp","href":"https:\/\/api.w.org\/{rel}","templated":true}]}}