{"id":5264,"date":"2012-02-27T19:57:09","date_gmt":"2012-02-27T17:57:09","guid":{"rendered":"http:\/\/www.satiricon.be\/?p=5264"},"modified":"2012-02-27T19:59:58","modified_gmt":"2012-02-27T17:59:58","slug":"dimanche-4-mars-2012-la-grande-fete-des-10-ans-de-la-gratuite-%c2%ab-du-premier-dimanche-%c2%bb-des-musees","status":"publish","type":"post","link":"https:\/\/www.satiricon.be\/?p=5264","title":{"rendered":"Dimanche 4 mars 2012 : La grande f\u00eate des 10 ans de la gratuit\u00e9 \u00ab du premier dimanche \u00bb des mus\u00e9es"},"content":{"rendered":"<p>\u00c0 La Louvi\u00e8re, le Centre de la Gravure fut le premier mus\u00e9e \u00e0 pratiquer la gratuit\u00e9 du premier dimanche du mois en Belgique.<\/p>\n<p style=\"text-align: center;\"><a href=\"https:\/\/www.satiricon.be\/wp-content\/uploads\/2012\/02\/La-Louvi\u00e8re.jpg\"><img loading=\"lazy\" class=\"size-full wp-image-5270  aligncenter\" title=\"La Louvi\u00e8re\" src=\"https:\/\/www.satiricon.be\/wp-content\/uploads\/2012\/02\/La-Louvi\u00e8re.jpg\" alt=\"\" width=\"523\" height=\"350\" srcset=\"https:\/\/www.satiricon.be\/wp-content\/uploads\/2012\/02\/La-Louvi\u00e8re.jpg 523w, https:\/\/www.satiricon.be\/wp-content\/uploads\/2012\/02\/La-Louvi\u00e8re-300x200.jpg 300w\" sizes=\"(max-width: 523px) 100vw, 523px\" \/><\/a><\/p>\n<p>Dix ans plus tard, 49 mus\u00e9es belges sont d\u00e9sormais accessibles gratuitement ce jour-l\u00e0. Et ce n\u2019est qu\u2019un d\u00e9but\u00a0! On en pr\u00e9voit une centaine pour l\u2019Ann\u00e9e europ\u00e9enne de la Culture \u00e0 Mons. Pourquoi pareille \u00e9volution\u00a0? Notamment parce que cette obligation de gratuit\u00e9 entre dans la d\u00e9finition m\u00eame d\u2019un mus\u00e9e pour \u00eatre reconnu, et donc subsidi\u00e9 en F\u00e9d\u00e9ration Wallonie-Bruxelles.<\/p>\n<p><strong><span style=\"text-decoration: underline;\">Dix fois plus de visiteurs et de sous <\/span><\/strong><\/p>\n<p>Le bilan de cette gratuit\u00e9 est quasi impossible \u00e0 \u00e9tablir. En effet, il n\u2019existe aucune statistique fiable et syst\u00e9matique. Il ne sera ainsi jamais possible de comparer la situation actuelle avec celle qui existait au moment o\u00f9 cette gratuit\u00e9 s\u2019est mise en place.<\/p>\n<p>Une douzaine de mus\u00e9es ont bien d\u00e9clar\u00e9 pendant plusieurs ann\u00e9es \u00e0 l\u2019administration, mois apr\u00e8s mois, leur taux de fr\u00e9quentation du \u00ab\u00a0premier dimanche\u00a0\u00bb pour recevoir des compensations financi\u00e8res en fonction du nombre d\u2019entr\u00e9es relev\u00e9es ces jours-l\u00e0. Mais il n\u2019y a eu aucune v\u00e9rification&#8230;<\/p>\n<p>Donc, des chiffres partiels enregistr\u00e9s sur le terrain sont sans doute plus indicatifs. Voici, par exemple, le bilan du 1<sup>er<\/sup> dimanche gratuit \u00ab\u00a0festif\u00a0\u00bb sous la neige, donc difficile pour attirer du monde (5 f\u00e9vrier 2012), au Mus\u00e9e de Louvain-la-Neuve (mus\u00e9e qui n\u2019a jamais re\u00e7u les fameuses \u00ab\u00a0compensations\u00a0\u00bb).Le programme tel qu\u2019annonc\u00e9 : http:\/\/www.consoloisirs.be\/dimanches\/120205.html<\/p>\n<p>&#8211; 63 visiteurs (alors que la moyenne des 4 premiers dimanches \u00ab\u00a0payants\u00a0\u00bb de janvier 2012 est de 6 visiteurs par dimanche)\u00a0;<\/p>\n<p>&#8211; recette de la tirelire mise \u00e0 la sortie du mus\u00e9e, ce dimanche-l\u00e0 (Consoloisirs.be souhaite qu&rsquo;on r\u00e9introduise pareilles tirelires \u00e0 la sortie des mus\u00e9es\u00a0; ainsi, le public n&rsquo;est plus un consommateur qui paie une entr\u00e9e mais, s&rsquo;il le souhaite, un mini-m\u00e9c\u00e8ne du mus\u00e9e, ce qui est fort diff\u00e9rent socialement)\u00a0: 67,50\u00a0euros (moyenne des entr\u00e9es payantes des 4 premiers dimanches de janvier 2012\u00a0: 6\u00a0euros par dimanche, soit, avec les nombreuses r\u00e9ductions faites, une moyenne de 1\u00a0euro par visiteur, les jours payants).<\/p>\n<p><em> <\/em><\/p>\n<p><em>\u00ab\u00a0Le b\u00e9n\u00e9fice est donc consid\u00e9rable\u00a0\u00bb<\/em>, \u00e9value la responsable du Mus\u00e9e de Louvain-la-Neuve, Mme Sylvie De Dryver.<\/p>\n<p style=\"text-align: center;\"><a href=\"https:\/\/www.satiricon.be\/wp-content\/uploads\/2012\/02\/DSCN2027.jpg\"><img loading=\"lazy\" class=\"size-full wp-image-5265  aligncenter\" title=\"DSCN2027\" src=\"https:\/\/www.satiricon.be\/wp-content\/uploads\/2012\/02\/DSCN2027.jpg\" alt=\"\" width=\"467\" height=\"350\" srcset=\"https:\/\/www.satiricon.be\/wp-content\/uploads\/2012\/02\/DSCN2027.jpg 467w, https:\/\/www.satiricon.be\/wp-content\/uploads\/2012\/02\/DSCN2027-300x224.jpg 300w\" sizes=\"(max-width: 467px) 100vw, 467px\" \/><\/a><\/p>\n<p><strong><span style=\"text-decoration: underline;\">Dans trois mus\u00e9es, tout est gratuit<\/span><\/strong><\/p>\n<p>Un anniversaire, \u00e7a vaut bien une f\u00eate, non\u00a0?<\/p>\n<p>Ce sera le dimanche 4 mars 2012 de 10H \u00e0 18H \u00e0 La Louvi\u00e8re, dans les trois mus\u00e9es de la ville\u00a0: <strong>le Centre Daily-Bul &amp; C\u00b0<\/strong>, le <strong>Mus\u00e9e Ianchelevici<\/strong> et le <strong>Centre de la Gravure et de l&rsquo;Image Imprim\u00e9e<\/strong>.<\/p>\n<p>Ces centres d&rsquo;art s&rsquo;associeront pour proposer une journ\u00e9e festive et familiale mais \u00e9galement de r\u00e9flexion. Et, cerise sur le g\u00e2teau, pour ce 10<sup>e<\/sup> anniversaire, tout est gratuit, alors profitez-en\u00a0! Et il ne faut pas r\u00e9server. Tous les d\u00e9tails des activit\u00e9s pour grands et petits\u00a0: http:\/\/www.consoloisirs.be\/dimanches\/index.html<\/p>\n<p><strong><span style=\"text-decoration: underline;\">En plus\u00a0: un colloque itin\u00e9rant\u00a0!<\/span><\/strong><\/p>\n<p>Tr\u00e8s fun\u00a0! On s\u2019informe, on d\u00e9bat, on mange et c\u2019est ludique.<\/p>\n<p>Un colloque \u00ab\u00a0itin\u00e9rant\u00a0\u00bb en trois parties est pr\u00e9vu.<strong> <\/strong>Son th\u00e8me\u00a0: \u00ab\u00a0De bonnes et de mauvaises gratuit\u00e9s dans nos mus\u00e9es\u00a0?\u00a0\u00bb.<\/p>\n<p>Le matin au 1<sup>er<\/sup> mus\u00e9e\u00a0: visite, petit d\u00e9jeuner gratuit et colloque (1<sup>re<\/sup> partie).<\/p>\n<p>Le midi, on part en cort\u00e8ge vers le 2<sup>e<\/sup> mus\u00e9e\u00a0: visite, casse-cro\u00fbte gratuit et colloque (2<sup>e<\/sup> partie).<\/p>\n<p>L\u2019apr\u00e8s-midi, on part en cort\u00e8ge vers le 3<sup>e<\/sup> mus\u00e9e\u00a0: visite, colloque (3<sup>e<\/sup> partie) et g\u00e2teau d\u2019anniversaire.<\/p>\n<p><strong>ATTENTION\u00a0! Il faut ABSOLUMENT s\u2019inscrire<\/strong> pour participer au colloque gratuit, LE PLUS VITE POSSIBLE, en envoyant un courriel \u00e0 bernard.hennebert@consoloisirs.be<\/p>\n<p><strong><span style=\"text-decoration: underline;\">VOICI LE PROGRAMME DU COLLOQUE\u00a0:<\/span><\/strong><\/p>\n<p>Le mod\u00e9rateur des trois s\u00e9ances est Pierre-Jean Foulon, conservateur honoraire au Mus\u00e9e royal de Mariemont, ma\u00eetre de conf\u00e9rences \u00e0 l\u2019Ulg et aux FUNDP.<\/p>\n<p><strong> <\/strong><\/p>\n<p><strong><span style=\"text-decoration: underline;\">1<sup>\u00e8re<\/sup> partie\u00a0\/ \u00e0 10H15 PR\u00c9CISES au Centre Daily-Bul &amp; C\u00b0<\/span><\/strong> (14 rue de la Loi \u2013 7100 La Louvi\u00e8re \u2013 www.dailybulandco.be)\u00a0: \u00ab\u00a0Vues d\u2019ailleurs\u00a0\u00bb (les gratuit\u00e9s en France, en Flandre, etc.). Avec le petit d\u00e9jeuner offert.<\/p>\n<p>T\u00e9moignages de\u00a0:<\/p>\n<p>-Bernard Hasquenoph, fondateur et coordinateur du site louvepourtous.fr, aborde les gratuit\u00e9s mus\u00e9ales en France,<\/p>\n<p>-Vera Pringel d\u00e9taille son enqu\u00eate sur la restauration du \u00ab\u00a0don\u00a0\u00bb au S.M.A.K. \u00e0 Gand.<\/p>\n<p><strong><span style=\"text-decoration: underline;\">2<sup>e<\/sup> partie \/ \u00e0 12H15 au Mus\u00e9e Ianchelevici<\/span><\/strong> (21 place communale \u2013 7100 La Louvi\u00e8re \u2013 www.ianchelevici.be)\u00a0: \u00ab\u00a0Vues d\u2019ici\u00a0\u00bb (les diverses gratuit\u00e9s en F\u00e9d\u00e9ration Wallonie-Bruxelles, sauf la gratuit\u00e9 du premier dimanche du mois) Avec le pique-nique offert.<\/p>\n<p>T\u00e9moignages de\u00a0:<\/p>\n<p>-Dominique Cominoto, Mus\u00e9e des Arts Contemporains (MAC\u2019s) du Grand-Hornu, d\u00e9taille les gratuit\u00e9s de son institution.<\/p>\n<p>-Dominique Hanson, conservateur du Mus\u00e9e Royal de l\u2019Arm\u00e9e \u00e0 Bruxelles (Cinquantenaire), analyse les effets de la gratuit\u00e9 quotidienne de son institution.<\/p>\n<p>-Philippe Mettens, pr\u00e9sident du service public f\u00e9d\u00e9ral de la Politique Scientifique, pr\u00e9sentera les gratuit\u00e9s d\u00e9velopp\u00e9es par les mus\u00e9es f\u00e9d\u00e9raux, et notamment celle du premier mercredi du mois.<\/p>\n<p><strong><span style=\"text-decoration: underline;\">3<sup>e<\/sup> partie \/ \u00e0 15H00 au Centre de la Gravure et de l\u2019Image Imprim\u00e9e<\/span><\/strong> (10 rue des Amours \u2013 7100 La Louvi\u00e8re \u2013 www.centredelagravure.be)\u00a0: L\u2019avenir de la gratuit\u00e9 \u00ab\u00a0du premier dimanche du mois\u00a0\u00bb\u00a0: un d\u00e9bat (suivi du \u00ab\u00a0g\u00e2teau aux 10 bougies\u00a0\u00bb), avec\u00a0:<\/p>\n<p>-Catherine de Braekeleer, directrice du Centre de la Gravure et de l\u2019Image Imprim\u00e9e de La Louvi\u00e8re,<\/p>\n<p>-Bernard Hennebert, coordinateur de Consoloisirs.be, auteur de \u00ab\u00a0Les mus\u00e9es aiment-ils le public\u00a0?\u00a0\u00bb,<\/p>\n<p>-Jean-Fran\u00e7ois Istasse, \u00e9chevin de la Culture de la ville de Verviers (Mus\u00e9e des Beaux-Arts et de la c\u00e9ramique\u00a0; Mus\u00e9e d\u2019Arch\u00e9ologie et de Folklore), pr\u00e9sident de la Commission qui traite notamment des mus\u00e9es au Parlement de la F\u00e9d\u00e9ration Wallonie-Bruxelles,<\/p>\n<p>-Robert Vang\u00e9n\u00e9berg, administrateur du Mus\u00e9e Herg\u00e9, mus\u00e9e priv\u00e9 \u00e0 Louvain-la-Neuve.<\/p>\n<p>Pr\u00e9sence et intervention de Max Godefroid, conseiller au cabinet de la Ministre de la Culture Fadila Laanan.<\/p>\n<p>Conclusions de la journ\u00e9e\u00a0: Andr\u00e9 Gob, pr\u00e9sident du Conseil des mus\u00e9es, auteur du livre \u00ab\u00a0Le Mus\u00e9e, une institution d\u00e9pass\u00e9e\u00a0?\u00a0\u00bb.<\/p>\n<p>Pour les participants au colloque venant de Bruxelles\u00a0:<\/p>\n<p>le train au d\u00e9part de Bruxelles arrive \u00e0 La Louvi\u00e8re Centre (attention\u00a0! 2 gares \u00e0 LL) \u00e0 9H56\u00a0: d\u00e9part \u00e0 Bxl Nord \u2013 09H06\u00a0; Bxl Central\u00a0&#8211; 09H10\u00a0; Bxl Midi \u2013 09H15. SNCB\u00a0: tarif du week-end \u00e0 50%.<\/p>\n","protected":false},"excerpt":{"rendered":"<p>\u00c0 La Louvi\u00e8re, le Centre de la Gravure fut le premier mus\u00e9e \u00e0 pratiquer la gratuit\u00e9 du premier dimanche du mois en Belgique. <\/p>\n<p>Dix ans plus tard, 49 mus\u00e9es belges sont d\u00e9sormais accessibles gratuitement ce jour-l\u00e0. Et ce n\u2019est qu\u2019un d\u00e9but ! On en pr\u00e9voit une centaine pour l\u2019Ann\u00e9e europ\u00e9enne de la Culture \u00e0 Mons. Pourquoi pareille \u00e9volution ? Notamment parce que cette obligation de gratuit\u00e9 entre dans la d\u00e9finition m\u00eame d\u2019un mus\u00e9e pour \u00eatre reconnu, et donc subsidi\u00e9 en F\u00e9d\u00e9ration Wallonie-Bruxelles.<\/p>\n","protected":false},"author":2,"featured_media":0,"comment_status":"open","ping_status":"open","sticky":false,"template":"","format":"standard","meta":[],"categories":[8,35],"tags":[],"_links":{"self":[{"href":"https:\/\/www.satiricon.be\/index.php?rest_route=\/wp\/v2\/posts\/5264"}],"collection":[{"href":"https:\/\/www.satiricon.be\/index.php?rest_route=\/wp\/v2\/posts"}],"about":[{"href":"https:\/\/www.satiricon.be\/index.php?rest_route=\/wp\/v2\/types\/post"}],"author":[{"embeddable":true,"href":"https:\/\/www.satiricon.be\/index.php?rest_route=\/wp\/v2\/users\/2"}],"replies":[{"embeddable":true,"href":"https:\/\/www.satiricon.be\/index.php?rest_route=%2Fwp%2Fv2%2Fcomments&post=5264"}],"version-history":[{"count":4,"href":"https:\/\/www.satiricon.be\/index.php?rest_route=\/wp\/v2\/posts\/5264\/revisions"}],"predecessor-version":[{"id":5268,"href":"https:\/\/www.satiricon.be\/index.php?rest_route=\/wp\/v2\/posts\/5264\/revisions\/5268"}],"wp:attachment":[{"href":"https:\/\/www.satiricon.be\/index.php?rest_route=%2Fwp%2Fv2%2Fmedia&parent=5264"}],"wp:term":[{"taxonomy":"category","embeddable":true,"href":"https:\/\/www.satiricon.be\/index.php?rest_route=%2Fwp%2Fv2%2Fcategories&post=5264"},{"taxonomy":"post_tag","embeddable":true,"href":"https:\/\/www.satiricon.be\/index.php?rest_route=%2Fwp%2Fv2%2Ftags&post=5264"}],"curies":[{"name":"wp","href":"https:\/\/api.w.org\/{rel}","templated":true}]}}