{"id":5708,"date":"2012-07-09T16:16:46","date_gmt":"2012-07-09T14:16:46","guid":{"rendered":"http:\/\/www.satiricon.be\/?p=5708"},"modified":"2012-07-09T16:43:58","modified_gmt":"2012-07-09T14:43:58","slug":"wallonie-terre-daccueil","status":"publish","type":"post","link":"https:\/\/www.satiricon.be\/?p=5708","title":{"rendered":"Wallonie, terre d&rsquo;accueil"},"content":{"rendered":"<p style=\"text-align: center;\"><a href=\"https:\/\/www.satiricon.be\/wp-content\/uploads\/2012\/07\/Migrants-flamands-en-Wallonie.jpg\"><img loading=\"lazy\" class=\"size-full wp-image-5709  aligncenter\" title=\"Migrants flamands en Wallonie\" src=\"https:\/\/www.satiricon.be\/wp-content\/uploads\/2012\/07\/Migrants-flamands-en-Wallonie.jpg\" alt=\"\" width=\"291\" height=\"350\" srcset=\"https:\/\/www.satiricon.be\/wp-content\/uploads\/2012\/07\/Migrants-flamands-en-Wallonie.jpg 291w, https:\/\/www.satiricon.be\/wp-content\/uploads\/2012\/07\/Migrants-flamands-en-Wallonie-249x300.jpg 249w\" sizes=\"(max-width: 291px) 100vw, 291px\" \/><\/a><\/p>\n<p>Nous ne saurions trop recommander la lecture \u00f4 combien instructive d&rsquo;un remarquable essai traduit du n\u00e9erlandais et intitul\u00e9 <strong><em>Migrants flamands en Wallonie, 1850-2000<\/em><\/strong>. Il a paru aux \u00c9ditions Racine \u00e0 Bruxelles \u00e0 l&rsquo;occasion de l&rsquo;exposition \u00e9ponyme con\u00e7ue par le KADOC (Centre de documentation et de recherche\u00a0: religion &#8211; culture &#8211; soci\u00e9t\u00e9 de la KU Leuven), plac\u00e9e sous la houlette des historiens Idesbald Goddeeris et Roeland Hermans et pr\u00e9sent\u00e9e au Grand-Hornu Images du 18\u00a0mars au 27\u00a0mai\u00a02012, \u00e0 la demande du Pr\u00e9sident et des membres du Coll\u00e8ge de la Province du Hainaut.<\/p>\n<p>La version originale de l&rsquo;ouvrage constitue quant \u00e0 elle le num\u00e9ro\u00a026 de la s\u00e9rie \u00ab\u00a0Bijdragen Museum van de Vlaamse Sociale Strijd\u00a0\u00bb de la Province de Flandre-Orientale, publi\u00e9 \u00e0 l&rsquo;occasion de l&rsquo;exposition \u00ab\u00a0Vlaamse migranten in Walloni\u00eb, 1850-2000\u00a0\u00bb organis\u00e9e par le m\u00eame KADOC-KU Leuven au Provinciaal Cultuurcentrum Caermersklooster de Gand entre avril et juin\u00a02011.<\/p>\n<p>On y apprend qu&rsquo;au cours des cent cinquante derni\u00e8res ann\u00e9es, pouss\u00e9s par la pauvret\u00e9 voire la mis\u00e8re, des centaines de milliers de Flamands ont \u00e9migr\u00e9 en Wallonie et y ont fait souche.<\/p>\n<p>C&rsquo;\u00e9taient des agriculteurs, des mineurs ou des ouvriers&#8230; Si certains rentraient chaque semaine chez eux et si d&rsquo;autres s\u00e9journaient en Wallonie pour la saison des r\u00e9coltes, beaucoup se sont \u00e9tablis d\u00e9finitivement \u2013 et souvent avec bien des difficult\u00e9s \u2013 dans la partie m\u00e9ridionale de la Belgique.<\/p>\n<p>\u00c9coutons Claude Durieux, actuel gouverneur de la Province du Hainaut\u00a0.<\/p>\n<p>\u00ab\u00a0Les traces laiss\u00e9es depuis la moiti\u00e9 du XIX<sup>e<\/sup> si\u00e8cle par l&rsquo;immigration flamande en Wallonie sont si nombreuses que nous ne les relevons m\u00eame plus. Elles se sont fondues dans le paysage et ont color\u00e9 nos patronymes. De la m\u00eame mani\u00e8re, nous avons tendance \u00e0 oublier les r\u00e9alit\u00e9s \u2013 souvent douloureuses \u2013 auxquelles elles renvoient. Si nous avons encore conscience du quotidien p\u00e9nible, par exemple, des milliers d&rsquo;immigr\u00e9s italiens ou polonais qui fuirent la mis\u00e8re pour grossir les contingents d&rsquo;hommes et de femmes engag\u00e9s dans l&rsquo;industrie alors prosp\u00e8re du sud de notre pays, il est peut-\u00eatre judicieux de nous rappeler que nos voisins du nord connurent parfois un destin semblable. \u00c0\u00a0l&rsquo;heure o\u00f9 la Belgique traverse l&rsquo;un des moments les plus difficiles de son histoire, la Province de Hainaut, en collaboration avec la Province de Flandre-Orientale, a choisi de faire \u0153uvre de m\u00e9moire et d&rsquo;\u00e9clairer ce temps o\u00f9 les Flamands quittaient les campagnes du plat pays, non pour rechercher la richesse, mais pour \u00e9chapper \u00e0 la pauvret\u00e9.<\/p>\n<p>Ayant travaill\u00e9 au fond des mines, dans la m\u00e9tallurgie, l&rsquo;industrie verri\u00e8re et l&rsquo;agriculture, ils ont particip\u00e9 \u00e0 la vie culturelle et associative wallonne, ont cr\u00e9\u00e9 des associations, de petits commerces et ont form\u00e9 de v\u00e9ritables quartiers au sein de communes telles que La Louvi\u00e8re, Li\u00e8ge ou Gilly. Certains sont repartis, d&rsquo;autres sont rest\u00e9s, ont fond\u00e9 une famille. Leurs descendants ne se souviennent pas toujours du destin hors du commun de leurs a\u00efeux, des sacrifices auxquels ils ont consenti et de leur apport \u00e0 la fois tangible et symbolique au c\u0153ur de la r\u00e9alit\u00e9 wallonne.\u00a0\u00bb<\/p>\n<p>Dans cet ouvrage, des historiens et des sp\u00e9cialistes comme Guido Fonteyn, Henk Byls, Franck Caestecker, Luc Vandeweyer, Mathias Cheyns, Yves Segers, Koen Verbruggen, Yves Quairiaux ou Anne Morelli, entre autres, se sont pench\u00e9s sur ce ph\u00e9nom\u00e8ne, ont d\u00e9chiffr\u00e9 les mouvements migratoires et analys\u00e9 les processus d&rsquo;\u00e9tablissement. Ils ont \u00e9tudi\u00e9 le r\u00f4le mobilisateur de l&rsquo;\u00c9glise et du mouvement flamand ou encore envisag\u00e9 la migration flamande en Wallonie dans un contexte plus large. Outre des analyses scientifiques, le livre pr\u00e9sente des t\u00e9moignages d&rsquo;\u00e9migr\u00e9s flamands et l&rsquo;ensemble est illustr\u00e9 par de nombreuses photographies in\u00e9dites.<\/p>\n<p>Un livre \u00e0 m\u00e9diter longuement, de part et d&rsquo;autre de la fronti\u00e8re linguistique\u00a0!<\/p>\n<p><strong>P\u00c9TRONE<\/strong><\/p>\n<p><strong><em>Migrants flamands en Wallonie 1850-2000<\/em><\/strong> sous la direction d&rsquo;Idesbald Goodderis &amp; Roeland Hermans, photographies de Layla Aerts, Bruxelles, \u00c9ditions Racine, collection \u00ab\u00a0Campus\u00a0\u00bb, mars\u00a02012, 248\u00a0pp. en quadrichromie au format 21\u00a0x\u00a026\u00a0cm sous couverture broch\u00e9e en couleurs et \u00e0 rabats, 29,99\u00a0\u20ac<\/p>\n","protected":false},"excerpt":{"rendered":"<p>Nous ne saurions trop recommander la lecture \u00f4 combien instructive d&rsquo;un remarquable essai traduit du n\u00e9erlandais et intitul\u00e9 \u00ab\u00a0Migrants flamands en Wallonie, 1850-2000\u00a0\u00bb. Il a paru aux \u00c9ditions Racine \u00e0 Bruxelles \u00e0 l&rsquo;occasion de l&rsquo;exposition \u00e9ponyme con\u00e7ue par le KADOC (Centre de documentation et de recherche : religion &#8211; culture &#8211; soci\u00e9t\u00e9 de la KU Leuven), plac\u00e9e sous la houlette des historiens Idesbald Goddeeris et Roeland Hermans et pr\u00e9sent\u00e9e au Grand-Hornu Images du 18 mars au 27 mai 2012, \u00e0 la demande du Pr\u00e9sident et des membres du Coll\u00e8ge de la Province du Hainaut.<\/p>\n","protected":false},"author":2,"featured_media":0,"comment_status":"open","ping_status":"open","sticky":false,"template":"","format":"standard","meta":[],"categories":[20],"tags":[],"_links":{"self":[{"href":"https:\/\/www.satiricon.be\/index.php?rest_route=\/wp\/v2\/posts\/5708"}],"collection":[{"href":"https:\/\/www.satiricon.be\/index.php?rest_route=\/wp\/v2\/posts"}],"about":[{"href":"https:\/\/www.satiricon.be\/index.php?rest_route=\/wp\/v2\/types\/post"}],"author":[{"embeddable":true,"href":"https:\/\/www.satiricon.be\/index.php?rest_route=\/wp\/v2\/users\/2"}],"replies":[{"embeddable":true,"href":"https:\/\/www.satiricon.be\/index.php?rest_route=%2Fwp%2Fv2%2Fcomments&post=5708"}],"version-history":[{"count":3,"href":"https:\/\/www.satiricon.be\/index.php?rest_route=\/wp\/v2\/posts\/5708\/revisions"}],"predecessor-version":[{"id":5720,"href":"https:\/\/www.satiricon.be\/index.php?rest_route=\/wp\/v2\/posts\/5708\/revisions\/5720"}],"wp:attachment":[{"href":"https:\/\/www.satiricon.be\/index.php?rest_route=%2Fwp%2Fv2%2Fmedia&parent=5708"}],"wp:term":[{"taxonomy":"category","embeddable":true,"href":"https:\/\/www.satiricon.be\/index.php?rest_route=%2Fwp%2Fv2%2Fcategories&post=5708"},{"taxonomy":"post_tag","embeddable":true,"href":"https:\/\/www.satiricon.be\/index.php?rest_route=%2Fwp%2Fv2%2Ftags&post=5708"}],"curies":[{"name":"wp","href":"https:\/\/api.w.org\/{rel}","templated":true}]}}