{"id":6043,"date":"2012-10-02T19:32:36","date_gmt":"2012-10-02T17:32:36","guid":{"rendered":"http:\/\/www.satiricon.be\/?p=6043"},"modified":"2012-10-02T19:32:36","modified_gmt":"2012-10-02T17:32:36","slug":"le-grand-charles-sous-toutes-les-facettes","status":"publish","type":"post","link":"https:\/\/www.satiricon.be\/?p=6043","title":{"rendered":"Le Grand Charles sous toutes les facettes"},"content":{"rendered":"<p style=\"text-align: center;\"><a href=\"https:\/\/www.satiricon.be\/wp-content\/uploads\/2012\/10\/Tout-ce-que-vous-avez-toujours-voulu-savoir-sur-Charles-de-Gaulle.gif\"><img loading=\"lazy\" class=\"size-full wp-image-6044  aligncenter\" title=\"Tout ce que vous avez toujours voulu savoir sur Charles de Gaulle\" src=\"https:\/\/www.satiricon.be\/wp-content\/uploads\/2012\/10\/Tout-ce-que-vous-avez-toujours-voulu-savoir-sur-Charles-de-Gaulle.gif\" alt=\"\" width=\"240\" height=\"350\" srcset=\"https:\/\/www.satiricon.be\/wp-content\/uploads\/2012\/10\/Tout-ce-que-vous-avez-toujours-voulu-savoir-sur-Charles-de-Gaulle.gif 240w, https:\/\/www.satiricon.be\/wp-content\/uploads\/2012\/10\/Tout-ce-que-vous-avez-toujours-voulu-savoir-sur-Charles-de-Gaulle-205x300.gif 205w\" sizes=\"(max-width: 240px) 100vw, 240px\" \/><\/a><\/p>\n<p>Avec <strong><em>Tout ce que vous avez toujours voulu savoir sur Charles de Gaulle<\/em><\/strong> paru chez Hatier \u00e0 Paris dans la collection des \u00ab\u00a0Guides visuels\u00a0\u00bb, Andr\u00e9 Botzaris aborde par un texte d&rsquo;une parfaite clart\u00e9 soutenu par une iconographie remarquable la biographie de l&rsquo;homme politique fran\u00e7ais qui marqua la  France contemporaine d&rsquo;une empreinte ind\u00e9l\u00e9bile.<\/p>\n<p>C&rsquo;est d\u00e8s l&rsquo;enfance et jusqu&rsquo;\u00e0 la mort qu&rsquo;il s\u2019est identifi\u00e9 \u00e0 la France et \u00e0 son destin en embrassant la carri\u00e8re des armes d&rsquo;abord, celle de la politique ensuite, pour fa\u00e7onner un pays aux institutions \u00e0 son image, celles de la V<sup>e<\/sup> R\u00e9publique.<\/p>\n<p>N\u00e9 le 22 novembre 1890 \u00e0 Lille, il est lieutenant \u00e0 la d\u00e9claration de la Premi\u00e8re  Guerre mondiale et capitaine en 1916, ann\u00e9e o\u00f9 il est bless\u00e9 au combat, fait prisonnier et intern\u00e9 en Allemagne pendant 32\u00a0mois.<\/p>\n<p>Entre 1919 et 1921, il est envoy\u00e9 en Pologne pour participer \u00e0 la formation de la nouvelle arm\u00e9e du pays. Durant l&rsquo;entre-deux-guerres, il appartiendra \u00e0 l&rsquo;entourage de Philippe P\u00e9tain qui appuiera sa carri\u00e8re.<\/p>\n<p>Il s&rsquo;en d\u00e9tache cependant pour des divergences d&rsquo;approche (l&rsquo;\u00c9tat-major, face \u00e0 la mont\u00e9e des p\u00e9rils, optant pour une strat\u00e9gie d\u00e9fensive autour de la Ligne  Maginot alors que de Gaulle pr\u00e9conisait la guerre de mouvement bas\u00e9e sur les blind\u00e9s).<\/p>\n<p>On conna\u00eet la suite\u00a0: l&rsquo;invasion de mai 1940, le d\u00e9part pour la  Grande-Bretagne, l&rsquo;appel du 18\u00a0juin, les Forces Fran\u00e7aises Libres, les rapports difficiles avec Churchill et Roosevelt (ce dernier, dans une lettre au premier, appelait le g\u00e9n\u00e9ral faisant fonction \u00ab\u00a0notre migraine commune\u00a0\u00bb\u2026), le Gouvernement provisoire jusqu&rsquo;en 1946, l&rsquo;appel de Bayeux la m\u00eame ann\u00e9e, la cr\u00e9ation du RPF, le semi-\u00e9chec qui s&rsquo;ensuit en 1951, l&rsquo;exil \u00e0 Colombey, le \u00ab\u00a0je vous ai compris\u00a0\u00bb d&rsquo;Alger en 1958, le retour au pouvoir, la lutte contre l&rsquo;OAS et les dissidents de l&rsquo;Arm\u00e9e, la V<sup>e<\/sup><sup> <\/sup>R\u00e9publique en 1962, la d\u00e9colonisation rat\u00e9e, Mai-68, le triomphe \u00e9lectoral de juin, le r\u00e9f\u00e9rendum perdu en avril 1969, le d\u00e9part \u00e0 la retraite et la fatale rupture d&rsquo;an\u00e9vrisme du 9\u00a0novembre\u00a01970.<\/p>\n<p>Le r\u00e9cit simple, d\u2019une grande clart\u00e9 et richement illustr\u00e9 d&rsquo;Andr\u00e9 Botzaris permet de comprendre ce destin hors normes et cette \u00ab\u00a0certaine id\u00e9e de la  France\u00a0\u00bb qui persiste aujourd&rsquo;hui bien au-del\u00e0 du gaullisme.<\/p>\n<p><strong>P\u00c9TRONE<\/strong><\/p>\n<p><strong><em>Tout ce que vous avez toujours voulu savoir sur Charles de Gaulle \u2013 Guide visuel \u00e0 destination des esprits curieux et press\u00e9s<\/em><\/strong> par Andr\u00e9 Botzaris, pr\u00e9face de Baptiste L\u00e9on, Paris, \u00c9ditions Hatier, collection \u00ab\u00a0Guides visuels\u00a0\u00bb, janvier\u00a02012, 220\u00a0pp. en quadrichromie au format 16\u00a0x\u00a011\u00a0cm sous couverture broch\u00e9e en couleurs, 7,99\u00a0\u20ac (prix France)<\/p>\n","protected":false},"excerpt":{"rendered":"<p>Avec \u00ab\u00a0Tout ce que vous avez toujours voulu savoir sur Charles de Gaulle\u00a0\u00bb paru chez Hatier \u00e0 Paris dans la collection des \u00ab Guides visuels \u00bb, Andr\u00e9 Botzaris aborde par un texte d&rsquo;une parfaite clart\u00e9 soutenu par une iconographie remarquable la biographie de l&rsquo;homme politique fran\u00e7ais qui marqua la France contemporaine d&rsquo;une empreinte ind\u00e9l\u00e9bile.<\/p>\n","protected":false},"author":2,"featured_media":0,"comment_status":"open","ping_status":"open","sticky":false,"template":"","format":"standard","meta":[],"categories":[77,11],"tags":[],"_links":{"self":[{"href":"https:\/\/www.satiricon.be\/index.php?rest_route=\/wp\/v2\/posts\/6043"}],"collection":[{"href":"https:\/\/www.satiricon.be\/index.php?rest_route=\/wp\/v2\/posts"}],"about":[{"href":"https:\/\/www.satiricon.be\/index.php?rest_route=\/wp\/v2\/types\/post"}],"author":[{"embeddable":true,"href":"https:\/\/www.satiricon.be\/index.php?rest_route=\/wp\/v2\/users\/2"}],"replies":[{"embeddable":true,"href":"https:\/\/www.satiricon.be\/index.php?rest_route=%2Fwp%2Fv2%2Fcomments&post=6043"}],"version-history":[{"count":1,"href":"https:\/\/www.satiricon.be\/index.php?rest_route=\/wp\/v2\/posts\/6043\/revisions"}],"predecessor-version":[{"id":6045,"href":"https:\/\/www.satiricon.be\/index.php?rest_route=\/wp\/v2\/posts\/6043\/revisions\/6045"}],"wp:attachment":[{"href":"https:\/\/www.satiricon.be\/index.php?rest_route=%2Fwp%2Fv2%2Fmedia&parent=6043"}],"wp:term":[{"taxonomy":"category","embeddable":true,"href":"https:\/\/www.satiricon.be\/index.php?rest_route=%2Fwp%2Fv2%2Fcategories&post=6043"},{"taxonomy":"post_tag","embeddable":true,"href":"https:\/\/www.satiricon.be\/index.php?rest_route=%2Fwp%2Fv2%2Ftags&post=6043"}],"curies":[{"name":"wp","href":"https:\/\/api.w.org\/{rel}","templated":true}]}}