{"id":6376,"date":"2012-12-22T11:57:50","date_gmt":"2012-12-22T09:57:50","guid":{"rendered":"http:\/\/www.satiricon.be\/?p=6376"},"modified":"2012-12-22T11:58:33","modified_gmt":"2012-12-22T09:58:33","slug":"un-livre-qui-decoiffe%e2%80%a6","status":"publish","type":"post","link":"https:\/\/www.satiricon.be\/?p=6376","title":{"rendered":"Un livre qui d\u00e9coiffe\u2026"},"content":{"rendered":"<p style=\"text-align: center;\"><a href=\"https:\/\/www.satiricon.be\/wp-content\/uploads\/2012\/12\/Spa-Francorchamps.gif\"><img loading=\"lazy\" class=\"size-full wp-image-6377  aligncenter\" title=\"Spa Francorchamps\" src=\"https:\/\/www.satiricon.be\/wp-content\/uploads\/2012\/12\/Spa-Francorchamps.gif\" alt=\"\" width=\"265\" height=\"350\" srcset=\"https:\/\/www.satiricon.be\/wp-content\/uploads\/2012\/12\/Spa-Francorchamps.gif 265w, https:\/\/www.satiricon.be\/wp-content\/uploads\/2012\/12\/Spa-Francorchamps-227x300.gif 227w\" sizes=\"(max-width: 265px) 100vw, 265px\" \/><\/a><\/p>\n<p style=\"text-align: left;\">Paru aux \u00c9ditions Graton\/Dupuis dans la collection \u00ab\u00a0Les Dossiers Michel Vaillant\u00a0\u00bb, le bel album intitul\u00e9 <strong><em>Spa Francorchamps<\/em><\/strong> m\u00eale r\u00e9alit\u00e9 historique et fiction dessin\u00e9e pour raconter l&rsquo;histoire de ce circuit mythique belge, haut lieu de la course automobile internationale qui appara\u00eet dans de nombreuses aventures de Michel Vaillant entre 1958 et 1982.<\/p>\n<p>Le r\u00e9cit tr\u00e8s inform\u00e9 du journaliste sp\u00e9cialis\u00e9 Alain van den Abeele, illustr\u00e9 de planches du dessinateur Jean Graton et rehauss\u00e9 de photographies d&rsquo;archives ainsi que d&rsquo;images de presse, y retrace les grands moments de ce lieu l\u00e9gendaire, maintes fois qualifi\u00e9 par les professionnels de \u00ab\u00a0plus beau circuit du monde\u00a0\u00bb, qui fut depuis 1924 le th\u00e9\u00e2tre de nombreux exploits \u2013 de Juan Manuel Fangio, de Jackie Stewart, de Jacky Ickx, de Henri Pescarolo, d&rsquo;Ayrton Senna, de Fernando Alonso, de Sebastian Vettel ou de Michael Schumacher notamment&#8230;<\/p>\n<p>L&rsquo;ouvrage se cl\u00f4t, comme tous ceux de cette belle collection, sur une magnifique galerie de dessins d&rsquo;automobiles de course, allant de la FN \u00ab\u00a0Prince Baudouin\u00a0\u00bb (1933) et la Maserati 8\u00a0CM (1934) \u00e0 la Red Bull RB7 (2011) en passant notamment par la Lotus-Climax\u00a025 (1962), la Ferrari 250 GTO (1963), la Ford Capri\u00a0II (1979), la Porsche\u00a0956 (1982) ou la Benetton\u00a0B192-Ford (1992).<\/p>\n<p>Souvenirs, souvenirs&#8230;<\/p>\n<p><strong>P\u00c9TRONE<\/strong><\/p>\n<p><strong><em>Spa-Francorchamps <\/em><\/strong>par Alain van den Abeele et Jean Graton, pr\u00e9face de Jacky Ickx, \u00c9ditions Graton\/Dupuis, collection \u00ab\u00a0Les Dossiers Michel Vaillant\u00a0\u00bb, ao\u00fbt\u00a02012, 124\u00a0pp. en quadrichromie au format 22\u00a0x\u00a029,5\u00a0cm sous couverture cartonn\u00e9e en couleurs, 20,50\u00a0\u20ac<\/p>\n","protected":false},"excerpt":{"rendered":"<p>Paru aux \u00c9ditions Graton\/Dupuis dans la collection \u00ab Les Dossiers Michel Vaillant \u00bb, le bel album intitul\u00e9 \u00ab\u00a0Spa Francorchamps\u00a0\u00bb m\u00eale r\u00e9alit\u00e9 historique et fiction dessin\u00e9e pour raconter l&rsquo;histoire de ce circuit mythique belge, haut lieu de la course automobile internationale qui appara\u00eet dans de nombreuses aventures de Michel Vaillant entre 1958 et 1982.<\/p>\n","protected":false},"author":2,"featured_media":0,"comment_status":"open","ping_status":"open","sticky":false,"template":"","format":"standard","meta":[],"categories":[44],"tags":[],"_links":{"self":[{"href":"https:\/\/www.satiricon.be\/index.php?rest_route=\/wp\/v2\/posts\/6376"}],"collection":[{"href":"https:\/\/www.satiricon.be\/index.php?rest_route=\/wp\/v2\/posts"}],"about":[{"href":"https:\/\/www.satiricon.be\/index.php?rest_route=\/wp\/v2\/types\/post"}],"author":[{"embeddable":true,"href":"https:\/\/www.satiricon.be\/index.php?rest_route=\/wp\/v2\/users\/2"}],"replies":[{"embeddable":true,"href":"https:\/\/www.satiricon.be\/index.php?rest_route=%2Fwp%2Fv2%2Fcomments&post=6376"}],"version-history":[{"count":2,"href":"https:\/\/www.satiricon.be\/index.php?rest_route=\/wp\/v2\/posts\/6376\/revisions"}],"predecessor-version":[{"id":6379,"href":"https:\/\/www.satiricon.be\/index.php?rest_route=\/wp\/v2\/posts\/6376\/revisions\/6379"}],"wp:attachment":[{"href":"https:\/\/www.satiricon.be\/index.php?rest_route=%2Fwp%2Fv2%2Fmedia&parent=6376"}],"wp:term":[{"taxonomy":"category","embeddable":true,"href":"https:\/\/www.satiricon.be\/index.php?rest_route=%2Fwp%2Fv2%2Fcategories&post=6376"},{"taxonomy":"post_tag","embeddable":true,"href":"https:\/\/www.satiricon.be\/index.php?rest_route=%2Fwp%2Fv2%2Ftags&post=6376"}],"curies":[{"name":"wp","href":"https:\/\/api.w.org\/{rel}","templated":true}]}}