{"id":6525,"date":"2013-01-23T16:18:24","date_gmt":"2013-01-23T14:18:24","guid":{"rendered":"http:\/\/www.satiricon.be\/?p=6525"},"modified":"2013-01-23T16:27:06","modified_gmt":"2013-01-23T14:27:06","slug":"le-retour-danastasie","status":"publish","type":"post","link":"https:\/\/www.satiricon.be\/?p=6525","title":{"rendered":"Le retour d&rsquo;Anastasie"},"content":{"rendered":"<p style=\"text-align: center;\"><a href=\"https:\/\/www.satiricon.be\/wp-content\/uploads\/2013\/01\/Le-gille-sens-dessus-dessous.jpg\"><img loading=\"lazy\" class=\"aligncenter size-full wp-image-6526\" title=\"Le gille sens dessus dessous\" src=\"https:\/\/www.satiricon.be\/wp-content\/uploads\/2013\/01\/Le-gille-sens-dessus-dessous.jpg\" alt=\"\" width=\"253\" height=\"380\" srcset=\"https:\/\/www.satiricon.be\/wp-content\/uploads\/2013\/01\/Le-gille-sens-dessus-dessous.jpg 253w, https:\/\/www.satiricon.be\/wp-content\/uploads\/2013\/01\/Le-gille-sens-dessus-dessous-199x300.jpg 199w\" sizes=\"(max-width: 253px) 100vw, 253px\" \/><\/a><\/p>\n<p>Les autorit\u00e9s de la ville de Binche se sont oppos\u00e9es \u00e0 l&rsquo;utilisation de l&rsquo;affiche ci-dessus, dessin\u00e9e par Pierre Kroll pour l&rsquo;exposition \u00ab\u00a0Le gille sens dessus dessous\u00a0\u00bb qu&rsquo;elles organisent, \u00e0 pr\u00e9texte qu&rsquo;elle pourrait heurter la sensibilit\u00e9 de la population.<\/p>\n<p>Un bel exemple de censure par ces temps de politiquement correct bien tartuffe.<\/p>\n<p>\u00c0 quand l&rsquo;interdiction des plumes des gilles, qui pourraient \u2013 Oh ! Shocking ! \u2013 faire indirectement allusion \u00e0 l&rsquo;endroit o\u00f9 les prudes \u00e9diles pourraient se les mettre ?<\/p>\n<p><strong>P\u00c9TRONE<\/strong><\/p>\n","protected":false},"excerpt":{"rendered":"<p>Les autorit\u00e9s de la ville de Binche se sont oppos\u00e9es \u00e0 l&rsquo;utilisation de l&rsquo;affiche ci-dessus, dessin\u00e9e par Pierre Kroll pour l&rsquo;exposition \u00ab\u00a0Le gille sens dessus dessous\u00a0\u00bb qu&rsquo;elles organisent, \u00e0 pr\u00e9texte qu&rsquo;elle pourrait heurter la sensibilit\u00e9 de la population.<\/p>\n","protected":false},"author":2,"featured_media":0,"comment_status":"open","ping_status":"open","sticky":false,"template":"","format":"standard","meta":[],"categories":[75,1],"tags":[],"_links":{"self":[{"href":"https:\/\/www.satiricon.be\/index.php?rest_route=\/wp\/v2\/posts\/6525"}],"collection":[{"href":"https:\/\/www.satiricon.be\/index.php?rest_route=\/wp\/v2\/posts"}],"about":[{"href":"https:\/\/www.satiricon.be\/index.php?rest_route=\/wp\/v2\/types\/post"}],"author":[{"embeddable":true,"href":"https:\/\/www.satiricon.be\/index.php?rest_route=\/wp\/v2\/users\/2"}],"replies":[{"embeddable":true,"href":"https:\/\/www.satiricon.be\/index.php?rest_route=%2Fwp%2Fv2%2Fcomments&post=6525"}],"version-history":[{"count":4,"href":"https:\/\/www.satiricon.be\/index.php?rest_route=\/wp\/v2\/posts\/6525\/revisions"}],"predecessor-version":[{"id":6530,"href":"https:\/\/www.satiricon.be\/index.php?rest_route=\/wp\/v2\/posts\/6525\/revisions\/6530"}],"wp:attachment":[{"href":"https:\/\/www.satiricon.be\/index.php?rest_route=%2Fwp%2Fv2%2Fmedia&parent=6525"}],"wp:term":[{"taxonomy":"category","embeddable":true,"href":"https:\/\/www.satiricon.be\/index.php?rest_route=%2Fwp%2Fv2%2Fcategories&post=6525"},{"taxonomy":"post_tag","embeddable":true,"href":"https:\/\/www.satiricon.be\/index.php?rest_route=%2Fwp%2Fv2%2Ftags&post=6525"}],"curies":[{"name":"wp","href":"https:\/\/api.w.org\/{rel}","templated":true}]}}