{"id":6735,"date":"2013-03-19T19:30:47","date_gmt":"2013-03-19T17:30:47","guid":{"rendered":"http:\/\/www.satiricon.be\/?p=6735"},"modified":"2013-03-22T23:52:06","modified_gmt":"2013-03-22T21:52:06","slug":"ecrits-assassins%e2%80%a6","status":"publish","type":"post","link":"https:\/\/www.satiricon.be\/?p=6735","title":{"rendered":"\u00c9crits assassins\u2026"},"content":{"rendered":"<p style=\"text-align: center;\"><a href=\"https:\/\/www.satiricon.be\/wp-content\/uploads\/2013\/03\/Mein-Kampf-histoire-dun-livre.jpg\"><img loading=\"lazy\" class=\"size-full wp-image-6736  aligncenter\" title=\"Mein Kampf, histoire d'un livre\" src=\"https:\/\/www.satiricon.be\/wp-content\/uploads\/2013\/03\/Mein-Kampf-histoire-dun-livre.jpg\" alt=\"\" width=\"211\" height=\"350\" srcset=\"https:\/\/www.satiricon.be\/wp-content\/uploads\/2013\/03\/Mein-Kampf-histoire-dun-livre.jpg 211w, https:\/\/www.satiricon.be\/wp-content\/uploads\/2013\/03\/Mein-Kampf-histoire-dun-livre-180x300.jpg 180w\" sizes=\"(max-width: 211px) 100vw, 211px\" \/><\/a><\/p>\n<p>Le 8 novembre 1923, Adolf Hitler, qui vient de prendre les r\u00eanes du NSDAP, \u00e9choue lamentablement dans la tentative de putsch qui devait lui donner le pouvoir en Bavi\u00e8re. Apr\u00e8s un proc\u00e8s rapide d\u00e9bouchant sur un verdict tr\u00e8s cl\u00e9ment, le futur F\u00fchrer est envoy\u00e9 en d\u00e9tention \u00e0 la forteresse de Landsberg. L\u00e0, dans sa cellule spacieuse, il re\u00e7oit ses admirateurs, il lit tout ce qu\u2019on lui apporte, et surtout il \u00e9crit un pamphlet, v\u00e9ritable concentr\u00e9 de toute sa haine\u00a0: <em>Mein Kampf<\/em>.<\/p>\n<p>\u00c0 sa sortie, rares furent ceux qui per\u00e7urent les dangers de ce livre. Accueilli avec indiff\u00e9rence ou sous les sarcasmes, l\u2019ouvrage annon\u00e7ait pourtant la couleur. Il y \u00e9tait d\u00e9j\u00e0 question de remilitariser l\u2019Allemagne, d\u2019en faire une dictature implacable et de conqu\u00e9rir l\u2019espace vital n\u00e9cessaire au d\u00e9veloppement d\u2019une pr\u00e9tendue race aryenne. Celle-ci \u00e9tait par ailleurs appel\u00e9e \u00e0 \u00e9craser les autres peuples et \u00e0 imposer sa domination sur le monde. Hitler d\u00e9veloppait aussi \u00e0 longueur de pages une haine pathologique des Juifs et en appelait \u00e0 les faire dispara\u00eetre de la surface du globe. Tout cela \u00e9tait donc tr\u00e8s \u00e9clairant sur les horreurs \u00e0 venir.<\/p>\n<p>Mais pour l\u2019heure, les politiciens allemands se moquaient bien de ce p\u00e9quenaud autrichien, peintre sans talent qui criait comme un roquet dans les arri\u00e8re-salles des brasseries. Et, de fait, \u00e0 sa sortie, le pensum, mal \u00e9crit, ne suscita que peu d\u2019engouement. C\u2019\u00e9tait sans compter sur les talents d\u2019orateur d\u2019Hitler et sur le tr\u00e8s s\u00e9rieux coup de pouce de la crise qui permirent le d\u00e9ferlement de la vague brune Outre-Rhin.<\/p>\n<p>\u00c0 la faveur de la mont\u00e9e en puissance des nazis, <em>Mein Kampf<\/em>, retouch\u00e9 par les \u00e9diteurs, devint alors un immense best-seller en Allemagne. Le programme qu\u2019il contenait n\u2019en resta pas moins sous-estim\u00e9 en d\u00e9pit de sa mise en \u0153uvre d\u00e8s le d\u00e9but des ann\u00e9es 1930.<\/p>\n<p>Ainsi, \u00e0 l\u2019\u00e9tranger, Hitler \u00e9tait vu comme un homme tout \u00e0 fait respectable, voire comme un garant de la paix. Il est vrai que les traductions de son livre \u00e9taient expurg\u00e9es des passages g\u00eanants pour les nations concern\u00e9es. Dans l\u2019\u00e9dition fran\u00e7aise, par exemple, pas une ligne sur les projets hitl\u00e9riens d\u2019annihiler purement et simplement la France, cette ennemie h\u00e9r\u00e9ditaire. On n\u2019en \u00e9tait pas \u00e0 une manipulation pr\u00e8s\u2026 \u00c0\u00a0sa lecture, seuls quelques lecteurs europ\u00e9ens avaient vu la catastrophe arriver et avaient tent\u00e9 en vain d\u2019alerter l\u2019opinion. Parmi eux, un certain Winston Churchill.<\/p>\n<p>La suite, on la conna\u00eet. Apr\u00e8s le r\u00e9armement de l\u2019Allemagne, la construction des premiers camps de concentration, les premi\u00e8res mesures antis\u00e9mites, l\u2019invasion des Sud\u00e8tes et l\u2019annexion de l\u2019Autriche, et tandis que le pi\u00e8ge se refermait sur ceux qui s\u2019\u00e9taient jet\u00e9s dans la gueule du loup, les r\u00eaves d\u00e9lirants d&rsquo;Hitler se r\u00e9alisaient. C\u2019\u00e9tait l\u2019av\u00e8nement de <em>Mein Kampf<\/em>, devenu \u00e0 la faveur de la dictature, la Bible de l\u2019Allemagne nazie.<\/p>\n<p>C\u2019est ce parcours qu\u2019on lira, entre autres, dans le travail passionnant d\u2019Antoine Vitkine <a href=\"#_ftn1\">[1]<\/a> paru derni\u00e8rement chez Flammarion \u00e0 Paris sous le titre <strong><em>Mein Kampf, histoire d\u2019un livre<\/em><\/strong>. Sans jamais se perdre, l\u2019auteur revient en d\u00e9tail sur la production de ce texte, mais aussi sur sa publication et sur l\u2019accueil qui lui fut r\u00e9serv\u00e9. Il retrace la saga des retouches successives, des r\u00e9\u00e9ditions et des traductions. Il d\u00e9crit les cercles intellectuels, \u00e9conomiques et politiques qui ont sans cesse gravit\u00e9 autour de ce pamphlet. Il explore enfin ce qu\u2019il en est rest\u00e9, depuis la fin de la guerre jusqu\u2019\u00e0 nos jours.<\/p>\n<p>Un livre captivant, \u00e0 propos d\u2019un livre\u2026terrifiant.<\/p>\n<p><strong>EUTROPE<\/strong><\/p>\n<p><strong><em>Mein Kampf, histoire d\u2019un livre<\/em><\/strong> par Antoine Vitkine, Paris, Flammarion, collection \u00ab\u00a0Champs histoire\u00a0\u00bb, \u00e9dition revue et augment\u00e9e, f\u00e9vrier 2013, 332\u00a0pp. en noir et blanc au format 10,8\u00a0x\u00a017,8\u00a0cm sous couverture broch\u00e9e en couleurs, 9\u00a0\u20ac (prix France).<\/p>\n<hr size=\"1\" \/><a href=\"#_ftnref1\">[1]<\/a> N\u00e9 en 1977, dipl\u00f4m\u00e9 de Sciences Po Paris, titulaire d&rsquo;un DEA de sciences politiques, Antoine Vitkine est journaliste et r\u00e9alisateur de documentaires. Il a r\u00e9alis\u00e9 <em>Mein Kampf, c&rsquo;\u00e9tait \u00e9crit<\/em> (Arte, 2008). Il est aussi l&rsquo;auteur d&rsquo;un essai sur les th\u00e9ories du complot, <em>Les Nouveaux Imposteurs<\/em> (\u00c9ditions La Martini\u00e8re, Paris, 2005) et d&rsquo;un roman, <em>La  Tentation<\/em><em> de la d\u00e9faite<\/em> (\u00c9ditions La  Martini\u00e8re, Paris, 2006). Il a r\u00e9alis\u00e9 le documentaire \u00ab\u00a0Kadhafi, notre meilleur ennemi\u00a0\u00bb, diffus\u00e9 sur France\u00a05 en 2011.<\/p>\n","protected":false},"excerpt":{"rendered":"<p>Le 8 novembre 1923, Adolf Hitler, qui vient de prendre les r\u00eanes du NSDAP, \u00e9choue lamentablement dans la tentative de putsch qui devait lui donner le pouvoir en Bavi\u00e8re. Apr\u00e8s un proc\u00e8s rapide d\u00e9bouchant sur un verdict tr\u00e8s cl\u00e9ment, le futur F\u00fchrer est envoy\u00e9 en d\u00e9tention \u00e0 la forteresse de Landsberg. L\u00e0, dans sa cellule spacieuse, il re\u00e7oit ses admirateurs, il lit tout ce qu\u2019on lui apporte, et surtout il \u00e9crit un pamphlet, v\u00e9ritable concentr\u00e9 de toute sa haine : \u00ab\u00a0Mein Kamp\u00a0\u00bb.<\/p>\n","protected":false},"author":2,"featured_media":0,"comment_status":"open","ping_status":"open","sticky":false,"template":"","format":"standard","meta":[],"categories":[11,52],"tags":[],"_links":{"self":[{"href":"https:\/\/www.satiricon.be\/index.php?rest_route=\/wp\/v2\/posts\/6735"}],"collection":[{"href":"https:\/\/www.satiricon.be\/index.php?rest_route=\/wp\/v2\/posts"}],"about":[{"href":"https:\/\/www.satiricon.be\/index.php?rest_route=\/wp\/v2\/types\/post"}],"author":[{"embeddable":true,"href":"https:\/\/www.satiricon.be\/index.php?rest_route=\/wp\/v2\/users\/2"}],"replies":[{"embeddable":true,"href":"https:\/\/www.satiricon.be\/index.php?rest_route=%2Fwp%2Fv2%2Fcomments&post=6735"}],"version-history":[{"count":2,"href":"https:\/\/www.satiricon.be\/index.php?rest_route=\/wp\/v2\/posts\/6735\/revisions"}],"predecessor-version":[{"id":6745,"href":"https:\/\/www.satiricon.be\/index.php?rest_route=\/wp\/v2\/posts\/6735\/revisions\/6745"}],"wp:attachment":[{"href":"https:\/\/www.satiricon.be\/index.php?rest_route=%2Fwp%2Fv2%2Fmedia&parent=6735"}],"wp:term":[{"taxonomy":"category","embeddable":true,"href":"https:\/\/www.satiricon.be\/index.php?rest_route=%2Fwp%2Fv2%2Fcategories&post=6735"},{"taxonomy":"post_tag","embeddable":true,"href":"https:\/\/www.satiricon.be\/index.php?rest_route=%2Fwp%2Fv2%2Ftags&post=6735"}],"curies":[{"name":"wp","href":"https:\/\/api.w.org\/{rel}","templated":true}]}}