{"id":6820,"date":"2013-04-11T12:16:43","date_gmt":"2013-04-11T10:16:43","guid":{"rendered":"http:\/\/www.satiricon.be\/?p=6820"},"modified":"2013-04-11T12:18:57","modified_gmt":"2013-04-11T10:18:57","slug":"%c2%ab-tiens-voila-du-boudin-%c2%bb-air-connu","status":"publish","type":"post","link":"https:\/\/www.satiricon.be\/?p=6820","title":{"rendered":"\u00ab Tiens, voil\u00e0 du boudin ! \u00bb (Air connu)"},"content":{"rendered":"<p style=\"text-align: center;\"><a href=\"https:\/\/www.satiricon.be\/wp-content\/uploads\/2013\/04\/La-l\u00e9gion-\u00e9trang\u00e8re.jpg\"><img loading=\"lazy\" class=\"size-full wp-image-6821  aligncenter\" title=\"La l\u00e9gion \u00e9trang\u00e8re\" src=\"https:\/\/www.satiricon.be\/wp-content\/uploads\/2013\/04\/La-l\u00e9gion-\u00e9trang\u00e8re.jpg\" alt=\"\" width=\"230\" height=\"350\" srcset=\"https:\/\/www.satiricon.be\/wp-content\/uploads\/2013\/04\/La-l\u00e9gion-\u00e9trang\u00e8re.jpg 230w, https:\/\/www.satiricon.be\/wp-content\/uploads\/2013\/04\/La-l\u00e9gion-\u00e9trang\u00e8re-197x300.jpg 197w\" sizes=\"(max-width: 230px) 100vw, 230px\" \/><\/a><\/p>\n<p>Un volumineux ouvrage intitul\u00e9 <strong><em>La L\u00e9gion \u00e9trang\u00e8re Histoire et dictionnaire<\/em><\/strong>, r\u00e9dig\u00e9 par 55\u00a0sp\u00e9cialistes sous la direction d&rsquo;Andr\u00e9-Paul Comor, ma\u00eetre de conf\u00e9rences honoraire \u00e0 l\u2019Institut d\u2019\u00e9tudes politiques d\u2019Aix-en-Provence, a \u00e9t\u00e9 publi\u00e9 r\u00e9cemment \u00e0 Paris, aux \u00c9ditions Robert Laffont.<\/p>\n<p>En voici la pr\u00e9sentation par le ma\u00eetre d&rsquo;\u0153uvre du livre, parfaitement conforme \u00e0 son contenu\u00a0:<\/p>\n<p>\u00ab L\u00e9gionnaire, tu es un volontaire servant la France avec honneur et fid\u00e9lit\u00e9\u00a0\u00bb\u00a0; \u00ab\u00a0Chaque l\u00e9gionnaire est ton fr\u00e8re d&rsquo;armes, quelle que soit sa nationalit\u00e9, sa race ou sa religion. Tu lui manifestes toujours la solidarit\u00e9 \u00e9troite qui doit unir le membres d&rsquo;une m\u00eame famille\u00a0\u00bb\u00a0; \u00ab\u00a0La mission est sacr\u00e9e, tu l&rsquo;ex\u00e9cutes jusqu&rsquo; au bout et, s&rsquo;il le faut, en op\u00e9rations, au p\u00e9ril de ta vie\u00a0\u00bb\u00a0: les articles l, II et VI du code d&rsquo;honneur du l\u00e9gionnaire expriment tout l&rsquo;esprit de la L\u00e9gion \u00e9trang\u00e8re, institution et soci\u00e9t\u00e9\u00a0 militaire d&rsquo;exception.<\/p>\n<p>Cr\u00e9\u00e9e en 1831, aujourd&rsquo;hui forte de 7\u00a0200 hommes de 150 nationalit\u00e9s, elle constitue bel et bien une famille, avec ses glorieux faits d&rsquo;armes, ses l\u00e9gendes, ses drames, ses rites et ses r\u00e8gles. En son sein se c\u00f4toient des h\u00e9ros et des oubli\u00e9s de l&rsquo;Histoire, \u00ab\u00a0des aventuriers et des distraits, des brutaux et des po\u00e8tes, des monte-en-l&rsquo;air et des aristos\u00a0\u00bb, comme l&rsquo;\u00e9crit \u00c9tienne de Montety dans sa pr\u00e9face. Bref, un univers profond\u00e9ment romanesque, qui est aussi un mod\u00e8le d&rsquo;int\u00e9gration.<\/p>\n<p>De cette famille, la litt\u00e9rature, les chansons et le cin\u00e9ma se sont depuis longtemps empar\u00e9s, entretenant le mythe du l\u00e9gionnaire qui a tout quitt\u00e9 pour prendre un nouveau d\u00e9part sous une identit\u00e9 dite \u00ab\u00a0d\u00e9clar\u00e9e\u00a0\u00bb. Ce soldat d&rsquo;\u00e9lite dont le pass\u00e9 reste toujours tr\u00e8s myst\u00e9rieux, tatou\u00e9 mais sujet au \u00ab\u00a0cafard\u00a0\u00bb, amateur de femmes, de bagarres et de pinard, chante \u00e0 bon droit <em>Non, je ne regrette rien<\/em> : \u00ab\u00a0C&rsquo;est pay\u00e9, oubli\u00e9, balay\u00e9. Je me fous du pass\u00e9\u00a0!\u00a0\u00bb Au-del\u00e0 de ce mythe, et s&rsquo;affranchissant des clich\u00e9s, cet ouvrage offre en pr\u00e8s de huit cents entr\u00e9es la premi\u00e8re synth\u00e8se de l&rsquo;histoire de la L\u00e9gion \u00e9trang\u00e8re. Sont pr\u00e9sents les hommes <a href=\"#_ftn1\">[1]<\/a> \u2013 avant tout \u2013, les batailles, les traditions et le vocabulaire l\u00e9gionnaires, les conditions de vie, de recrutement,\u00a0 les uniformes et l&rsquo;histoire des r\u00e9giments, mais aussi tous les sujets rarement trait\u00e9s comme la d\u00e9sertion, la propagande ou l&rsquo;espionnage. Historiens, peintres et \u00e9crivains racontent aussi ces \u00ab\u00a0Fran\u00e7ais par le sang vers\u00e9\u00a0\u00bb qui depuis 1831 ne vivent que pour leurs id\u00e9aux.<\/p>\n<p>Les articles consacr\u00e9s aux maladies et aux pathologies, aux plaisirs (l\u2019alcool, les femmes, le bordel militaire de campagne) et \u00e0 l\u2019acculturation apportent des \u00e9clairages inattendus, nouveaux \u00e0 plus d\u2019un titre, sur la vie quotidienne du l\u00e9gionnaire au temps des colonies. Le lecteur est plong\u00e9 dans ce microcosme, le plus souvent imagin\u00e9 et imaginaire depuis la fin du XIX<sup>e<\/sup> si\u00e8cle. Nul ne s\u2019\u00e9tonnera de la place d\u00e9di\u00e9e \u00e0 la litt\u00e9rature (souvenirs ou m\u00e9moires, journaux et romans), \u00e0 la presse, aux repr\u00e9sentations en g\u00e9n\u00e9ral (la chanson, le th\u00e9\u00e2tre, l\u2019op\u00e9rette) et au cin\u00e9ma en particulier.<\/p>\n<p>Les aspects les plus neufs rel\u00e8vent de l\u2019histoire des relations internationales, plus exactement des relations franco-allemandes marqu\u00e9es par des crises et des tensions qui ont jalonn\u00e9 le premier XX<sup>e<\/sup> si\u00e8cle (1900-1962). Le dictionnaire est pr\u00e9c\u00e9d\u00e9 d\u2019un texte \u2013 \u00ab\u00a0\u00c9trangers au service de la France\u00a0\u00bb \u2013 sur la \u00ab\u00a0pr\u00e9histoire\u00a0\u00bb de la L\u00e9gion \u00e9trang\u00e8re et comprend, outre une chronologie compar\u00e9e, une bibliographie in\u00e9dite, les premi\u00e8res discographie et filmographie sur la L\u00e9gion, des cartes, plans et croquis, ainsi que des tableaux accompagnant divers documents et planches d\u2019insignes.\u00a0\u00bb<\/p>\n<p>Loin de n&rsquo;\u00eatre qu&rsquo;un plaidoyer <em>pro domo<\/em>, cette somme passionnante ne fait l&rsquo;impasse ni sur les crimes ou les errements de certains k\u00e9pis blancs fameux comme Roger Degueldre, Pierre Sergent et Jean-Marie Le Pen ni sur les arguments des adversaires de l&rsquo;arm\u00e9e en g\u00e9n\u00e9ral et de la L\u00e9gion en particulier, comme Bernard Clavel ou Jules Roy.<\/p>\n<p>Une courte anthologie s&rsquo;attache de surcro\u00eet \u00e0 faire d\u00e9couvrir l\u2019\u00e2me sensible qui se cache derri\u00e8re le l\u00e9gionnaire anonyme&#8230;<\/p>\n<p>On regrettera cependant qu&rsquo;il ne soit pas fait mention de l&rsquo;\u0153uvre litt\u00e9raire de Jean Lart\u00e9guy et qu&rsquo;une entr\u00e9e sp\u00e9cifique n&rsquo;ait pas \u00e9t\u00e9 consacr\u00e9e aux Belges qui furent innombrables \u00e0 s&rsquo;engager&#8230; comme le montre le chant officiel de la L\u00e9gion dont le boudin peut aussi bien faire r\u00e9f\u00e9rence \u00e0 la pr\u00e9paration de viande qu&rsquo;\u00e0 la toile de tente roul\u00e9e sur le havresac du soldat.<\/p>\n<p><strong>P\u00c9TRONE<\/strong><\/p>\n<p><strong><em>La L\u00e9gion \u00e9trang\u00e8re Histoire et dictionnaire <\/em><\/strong>sous la direction d&rsquo;Andr\u00e9-Paul Comor, pr\u00e9face d&rsquo;\u00c9tienne de Montety, Paris, \u00c9ditions Robert Laffont, collection \u00ab\u00a0Bouquins\u00a0\u00bb, mars\u00a02013, 1147\u00a0pp. en noir et blanc au format 13\u00a0x\u00a019,8\u00a0cm sous couverture broch\u00e9e en quadrichromie, 32\u00a0\u20ac (prix France)<\/p>\n<hr size=\"1\" \/><a href=\"#_ftnref1\">[1]<\/a> NDLR\u00a0: on se souviendra que des artistes, et non des moindres, ont \u00e9t\u00e9 l\u00e9gionnaires (le po\u00e8te suisse Blaise Cendrars, l&rsquo;\u00e9crivain allemand Ernst J\u00fcnger, l&rsquo;\u00e9crivain hongrois Arthur Koestler, le jazzman am\u00e9ricain Cole Porter, le peintre allemand Hans Hartung, le sculpteur bi\u00e9lorusse Ossip Zadkine et l&rsquo;acteur d&rsquo;origine corse Philippe L\u00e9otard&#8230;) ou ont tent\u00e9 de l&rsquo;\u00eatre (Guillaume Apollinaire, Jean Gen\u00eat, Pierre Mac Orlan, Curzio Malaparte&#8230;)<\/p>\n","protected":false},"excerpt":{"rendered":"<p>Un volumineux ouvrage intitul\u00e9 \u00ab\u00a0La L\u00e9gion \u00e9trang\u00e8re Histoire et dictionnaire\u00a0\u00bb a \u00e9t\u00e9 publi\u00e9 r\u00e9cemment \u00e0 Paris, aux \u00c9ditions Robert Laffont.<\/p>\n","protected":false},"author":2,"featured_media":0,"comment_status":"open","ping_status":"open","sticky":false,"template":"","format":"standard","meta":[],"categories":[51,11],"tags":[],"_links":{"self":[{"href":"https:\/\/www.satiricon.be\/index.php?rest_route=\/wp\/v2\/posts\/6820"}],"collection":[{"href":"https:\/\/www.satiricon.be\/index.php?rest_route=\/wp\/v2\/posts"}],"about":[{"href":"https:\/\/www.satiricon.be\/index.php?rest_route=\/wp\/v2\/types\/post"}],"author":[{"embeddable":true,"href":"https:\/\/www.satiricon.be\/index.php?rest_route=\/wp\/v2\/users\/2"}],"replies":[{"embeddable":true,"href":"https:\/\/www.satiricon.be\/index.php?rest_route=%2Fwp%2Fv2%2Fcomments&post=6820"}],"version-history":[{"count":3,"href":"https:\/\/www.satiricon.be\/index.php?rest_route=\/wp\/v2\/posts\/6820\/revisions"}],"predecessor-version":[{"id":6824,"href":"https:\/\/www.satiricon.be\/index.php?rest_route=\/wp\/v2\/posts\/6820\/revisions\/6824"}],"wp:attachment":[{"href":"https:\/\/www.satiricon.be\/index.php?rest_route=%2Fwp%2Fv2%2Fmedia&parent=6820"}],"wp:term":[{"taxonomy":"category","embeddable":true,"href":"https:\/\/www.satiricon.be\/index.php?rest_route=%2Fwp%2Fv2%2Fcategories&post=6820"},{"taxonomy":"post_tag","embeddable":true,"href":"https:\/\/www.satiricon.be\/index.php?rest_route=%2Fwp%2Fv2%2Ftags&post=6820"}],"curies":[{"name":"wp","href":"https:\/\/api.w.org\/{rel}","templated":true}]}}