{"id":7352,"date":"2013-08-26T18:56:32","date_gmt":"2013-08-26T16:56:32","guid":{"rendered":"http:\/\/www.satiricon.be\/?p=7352"},"modified":"2013-08-26T18:56:32","modified_gmt":"2013-08-26T16:56:32","slug":"grandeur-et-decadence","status":"publish","type":"post","link":"https:\/\/www.satiricon.be\/?p=7352","title":{"rendered":"Grandeur et d\u00e9cadence&#8230;"},"content":{"rendered":"<p style=\"text-align: center;\"><a href=\"https:\/\/www.satiricon.be\/wp-content\/uploads\/2013\/08\/Prokofiev.jpg\"><img loading=\"lazy\" class=\"size-full wp-image-7353    aligncenter\" title=\"Prokofiev\" src=\"https:\/\/www.satiricon.be\/wp-content\/uploads\/2013\/08\/Prokofiev.jpg\" alt=\"\" width=\"184\" height=\"350\" srcset=\"https:\/\/www.satiricon.be\/wp-content\/uploads\/2013\/08\/Prokofiev.jpg 184w, https:\/\/www.satiricon.be\/wp-content\/uploads\/2013\/08\/Prokofiev-157x300.jpg 157w\" sizes=\"(max-width: 184px) 100vw, 184px\" \/><\/a><\/p>\n<p>Admirablement r\u00e9dig\u00e9e par Laetitia Le Guay et parue en Arles chez Actes Sud, la biographie de <strong><em>Serge<\/em><\/strong> <strong><em>Prokofiev <\/em><\/strong>(1891-1953) est, comme toujours dans la collection \u00ab\u00a0Classica\u00a0\u00bb, enrichie d\u2019un index, de rep\u00e8res bibliographiques et d\u2019une discographie<\/p>\n<p>On doit \u00e0 Serge Prokofiev de nombreuses \u0153uvres musicales allant de la symphonie au concerto, \u00e0 la sonate ou au conte musical (<em>Pierre et le Loup<\/em> pour un th\u00e9\u00e2tre d\u2019enfants moscovite), de la musique de chambre ou de film (d\u2019<em>Alexandre Nevski <\/em>et d\u2019<em>Ivan le Terrible<\/em>, les chefs-d&rsquo;\u0153uvre d&rsquo;Eisenstein, notamment) \u00e0 des op\u00e9ras (<em>Guerre et Paix<\/em> d&rsquo;apr\u00e8s Tolsto\u00ef) ou des ballets (<em>Cendrillon<\/em>, <em>Rom\u00e9o et Juliette<\/em>&#8230;) et il a \u00e9t\u00e9 reconnu de son vivant comme un artiste d&rsquo;avant-garde tr\u00e8s cr\u00e9atif.<\/p>\n<p>De 1918 \u00e0 1936, il passa de nombreuses ann\u00e9es en dehors de son pays avant de se laisser convaincre de revenir en URSS o\u00f9 il fut \u00e0 la fois honor\u00e9 (Prix Staline en 1943, \u00ab\u00a0Artiste du Peuple\u00a0\u00bb de la R\u00e9publique socialiste f\u00e9d\u00e9rative sovi\u00e9tique de Russie en 1947, Prix L\u00e9nine en 1957, \u00e0 titre posthume) et pers\u00e9cut\u00e9 (en 1948, on l&rsquo;accusa de \u00ab\u00a0formalisme\u00a0\u00bb, c&rsquo;est-\u00e0-dire de c\u00e9der trop \u00ab\u00a0aux impulsions \u00ab\u00a0d\u00e9g\u00e9n\u00e9r\u00e9es\u00a0\u00bb de l\u2019Ouest\u00a0\u00bb, ce qui l&rsquo;incita \u00e0 produire des \u0153uvres sans int\u00e9r\u00eat \u00e0 la gloire du r\u00e9gime mais ne lui \u00e9vita pas les purges staliniennes et de finir sa vie dans la mis\u00e8re\u00a0; paradoxe de l&rsquo;Histoire, il mourut le m\u00eame jour que Staline&#8230;).<\/p>\n<p>\u00c9coutons l&rsquo;auteure\u00a0:<\/p>\n<p>\u00ab\u00a0\u00c9trange destin que celui de Serge Prokofiev, talent pr\u00e9coce qui fit sensation dans la Russie du dernier tsar par ses \u0153uvres iconoclastes et sa virtuosit\u00e9 pianistique. Curieuse fortune que celle d\u2019un musicien \u00ab\u00a0solaire\u00a0\u00bb, salu\u00e9 comme tel par les po\u00e8tes et les interpr\u00e8tes, mais dont la vie, \u00e0 l\u2019approche de la trentaine, entra dans une difficult\u00e9 d\u00e9finitive. Apr\u00e8s son d\u00e9part de Russie au printemps 1918, Prokofiev ne connut plus jamais la facilit\u00e9 de ses d\u00e9buts.<\/p>\n<p>Avec son retour en URSS en 1936, il \u00e9prouva le tragique stalinien. La musique de Prokofiev est ind\u00e9pendance. Son refus des \u00e9coles et des th\u00e9ories se manifesta d\u00e8s la jeunesse (\u00ab\u00a0je d\u00e9teste l\u2019imitation\u00a0\u00bb, dit-il) et se maintint sa vie durant, autant qu\u2019il fut possible, dans les derni\u00e8res ann\u00e9es, sous l\u2019\u00e9tau du \u00ab\u00a0r\u00e9alisme socialiste\u00a0\u00bb.<\/p>\n<p>Il se d\u00e9finit dans un rapport \u00e0 l\u2019h\u00e9ritage classique, qu\u2019il revisitait sans complexe, avec tour \u00e0 tour fac\u00e9tie, po\u00e9sie, tendresse, ou sarcasme.<\/p>\n<p>Le fracas percussif, le piment de la dissonance, le mart\u00e8lement rythmique furent les traits les plus marquants d\u2019une \u00e9criture qui en a bien d\u2019autres, \u00e0 commencer par sa richesse d\u2019invention m\u00e9lodique. [Il] fait ainsi cohabiter l\u2019\u00e9clat de rire avec la plainte, les d\u00e9guisements loufoques avec des accents sombres. Les Tragiques et les Comiques dialoguent, la veine lyrique et la veine \u00e9pique se c\u00f4toient, mais le mot de la fin revient \u00e0 Arlequin\u00a0: au costume bariol\u00e9, \u00e0 l\u2019humour, au saut de c\u00f4t\u00e9, dans un rapport \u00e0 l\u2019existence, ludique ou th\u00e9\u00e2tral, mais profond\u00e9ment humain.\u00a0\u00bb<\/p>\n<p>Car, comme nous le confia un jour l&rsquo;historien Henri Guillemin \u00e0 propos d&rsquo;un grand po\u00e8te, \u00ab\u00a0il est des g\u00e9nies dont l&rsquo;\u0153uvre est imp\u00e9rissable, mais \u00e0 qui on e\u00fbt refus\u00e9 de serrer la main&#8230;\u00a0\u00bb<\/p>\n<p><strong>P\u00c9TRONE<\/strong><\/p>\n<p><strong><em>Serge Prokofiev<\/em><\/strong><em> <\/em>par Laetitia Le Guay, Arles, Actes Sud, collection \u00ab\u00a0Classica\u00a0\u00bb, janvier\u00a02012, 254\u00a0pp. en noir et blanc au format 10\u00a0x\u00a019\u00a0cm sous couverture broch\u00e9e en quadrichromie, 19\u00a0\u20ac (prix France)<\/p>\n","protected":false},"excerpt":{"rendered":"<p>Admirablement r\u00e9dig\u00e9e par Laetitia Le Guay et parue en Arles chez Actes Sud, la biographie de Serge Prokofiev (1891-1953) est, comme toujours dans la collection \u00ab Classica \u00bb, enrichie d\u2019un index, de rep\u00e8res bibliographiques et d\u2019une discographie<\/p>\n","protected":false},"author":2,"featured_media":0,"comment_status":"open","ping_status":"open","sticky":false,"template":"","format":"standard","meta":[],"categories":[77,11],"tags":[],"_links":{"self":[{"href":"https:\/\/www.satiricon.be\/index.php?rest_route=\/wp\/v2\/posts\/7352"}],"collection":[{"href":"https:\/\/www.satiricon.be\/index.php?rest_route=\/wp\/v2\/posts"}],"about":[{"href":"https:\/\/www.satiricon.be\/index.php?rest_route=\/wp\/v2\/types\/post"}],"author":[{"embeddable":true,"href":"https:\/\/www.satiricon.be\/index.php?rest_route=\/wp\/v2\/users\/2"}],"replies":[{"embeddable":true,"href":"https:\/\/www.satiricon.be\/index.php?rest_route=%2Fwp%2Fv2%2Fcomments&post=7352"}],"version-history":[{"count":1,"href":"https:\/\/www.satiricon.be\/index.php?rest_route=\/wp\/v2\/posts\/7352\/revisions"}],"predecessor-version":[{"id":7354,"href":"https:\/\/www.satiricon.be\/index.php?rest_route=\/wp\/v2\/posts\/7352\/revisions\/7354"}],"wp:attachment":[{"href":"https:\/\/www.satiricon.be\/index.php?rest_route=%2Fwp%2Fv2%2Fmedia&parent=7352"}],"wp:term":[{"taxonomy":"category","embeddable":true,"href":"https:\/\/www.satiricon.be\/index.php?rest_route=%2Fwp%2Fv2%2Fcategories&post=7352"},{"taxonomy":"post_tag","embeddable":true,"href":"https:\/\/www.satiricon.be\/index.php?rest_route=%2Fwp%2Fv2%2Ftags&post=7352"}],"curies":[{"name":"wp","href":"https:\/\/api.w.org\/{rel}","templated":true}]}}