{"id":7398,"date":"2013-09-07T15:28:12","date_gmt":"2013-09-07T13:28:12","guid":{"rendered":"http:\/\/www.satiricon.be\/?p=7398"},"modified":"2013-09-07T15:48:29","modified_gmt":"2013-09-07T13:48:29","slug":"le-premier-sto","status":"publish","type":"post","link":"https:\/\/www.satiricon.be\/?p=7398","title":{"rendered":"Le premier STO"},"content":{"rendered":"<p style=\"text-align: center;\"><a href=\"https:\/\/www.satiricon.be\/wp-content\/uploads\/2013\/09\/Journal-dun-d\u00e9port\u00e9-civil-de-la-guerre-14-18.jpg\"><img loading=\"lazy\" class=\"size-full wp-image-7399  aligncenter\" title=\"Journal d'un d\u00e9port\u00e9 civil de la guerre 14-18\" src=\"https:\/\/www.satiricon.be\/wp-content\/uploads\/2013\/09\/Journal-dun-d\u00e9port\u00e9-civil-de-la-guerre-14-18.jpg\" alt=\"\" width=\"243\" height=\"350\" srcset=\"https:\/\/www.satiricon.be\/wp-content\/uploads\/2013\/09\/Journal-dun-d\u00e9port\u00e9-civil-de-la-guerre-14-18.jpg 243w, https:\/\/www.satiricon.be\/wp-content\/uploads\/2013\/09\/Journal-dun-d\u00e9port\u00e9-civil-de-la-guerre-14-18-208x300.jpg 208w\" sizes=\"(max-width: 243px) 100vw, 243px\" \/><\/a><\/p>\n<p>Le <strong><em>Journal d&rsquo;un d\u00e9port\u00e9 civil de la guerre 14-18 <\/em><\/strong>de Victor Goffart paru \u00e0 Tenneville aux \u00c9ditions Memory reprend le r\u00e9cit authentique d&rsquo;un civil belge d\u00e9port\u00e9 de force en Allemagne, en d\u00e9cembre 1916, pour raison \u00e9conomique, afin de compenser les lourdes pertes caus\u00e9es dans les rangs teutons \u2013 et leur main-d&rsquo;\u0153uvre \u2013par les grandes batailles fa\u00e7on Verdun.<\/p>\n<p>L&rsquo;auteur, un citoyen lambda, a consign\u00e9 dans un cahier la chronique quotidienne des souffrances, des brimades et des privations endur\u00e9es au cours de cinq mois terribles pass\u00e9s dans un camp \u2013 malade, il rentrera en mai 1917 \u2013 avec en prime la faim, le froid et les coups, omnipr\u00e9sents.<\/p>\n<p>Il s&rsquo;agit donc d&rsquo;un t\u00e9moignage de premi\u00e8re main relatif \u00e0 une histoire parfaitement m\u00e9connue, celle des d\u00e9portations planifi\u00e9es du premier Service de Travail Obligatoire, instaur\u00e9 pendant la Grande Guerre (et non pas au cours de la Seconde Guerre mondiale).<\/p>\n<p>\u00c0\u00a0l&rsquo;inverse des sottises colport\u00e9es par l&rsquo;agit-prop de la NV-A, ce document souligne au passage la solidarit\u00e9 et la fraternit\u00e9 dans l&rsquo;\u00e9preuve entre les Flamands et les Wallons en d\u00e9pit des man\u0153uvres allemandes visant, d\u00e9j\u00e0, \u00e0 semer la discorde en favorisant les \u00ab\u00a0cousins germains\u00a0\u00bb.<\/p>\n<p>Si Bart De Wever avait la fibre d&rsquo;historien \u2013 mais il n&rsquo;est que dipl\u00f4m\u00e9 de la tr\u00e8s flamingante KUL, ce qui \u00e9quivaut, concernant la connaissance du pass\u00e9 de la Belgique, \u00e0 une peau d&rsquo;\u00e2ne roumaine \u2013, on lui recommanderait la lecture de cet ouvrage&#8230;<\/p>\n<p><strong>P\u00c9TRONE<\/strong><\/p>\n<p><strong><em>Journal d&rsquo;un d\u00e9port\u00e9 civil de la guerre 14-18 <\/em><\/strong>par Victor Goffart, \u00a0pr\u00e9face de Francis Balace, Tenneville, \u00c9ditions Memory, ao\u00fbt\u00a02013, 74\u00a0pp. en noir et blanc au format 15\u00a0x\u00a021\u00a0cm \u00a0sous couverture broch\u00e9e en couleurs, 12\u00a0\u20ac<\/p>\n","protected":false},"excerpt":{"rendered":"<p>Le \u00ab\u00a0Journal d&rsquo;un d\u00e9port\u00e9 civil de la guerre 14-18\u00a0\u00bb de Victor Goffart paru \u00e0 Tenneville aux \u00c9ditions Memory reprend le r\u00e9cit authentique d&rsquo;un civil belge d\u00e9port\u00e9 de force en Allemagne, en d\u00e9cembre 1916, pour raison \u00e9conomique, afin de compenser les lourdes pertes caus\u00e9es dans les rangs teutons \u2013 et leur main-d&rsquo;\u0153uvre \u2013par les grandes batailles fa\u00e7on Verdun.<\/p>\n","protected":false},"author":2,"featured_media":0,"comment_status":"open","ping_status":"open","sticky":false,"template":"","format":"standard","meta":[],"categories":[51,11],"tags":[],"_links":{"self":[{"href":"https:\/\/www.satiricon.be\/index.php?rest_route=\/wp\/v2\/posts\/7398"}],"collection":[{"href":"https:\/\/www.satiricon.be\/index.php?rest_route=\/wp\/v2\/posts"}],"about":[{"href":"https:\/\/www.satiricon.be\/index.php?rest_route=\/wp\/v2\/types\/post"}],"author":[{"embeddable":true,"href":"https:\/\/www.satiricon.be\/index.php?rest_route=\/wp\/v2\/users\/2"}],"replies":[{"embeddable":true,"href":"https:\/\/www.satiricon.be\/index.php?rest_route=%2Fwp%2Fv2%2Fcomments&post=7398"}],"version-history":[{"count":2,"href":"https:\/\/www.satiricon.be\/index.php?rest_route=\/wp\/v2\/posts\/7398\/revisions"}],"predecessor-version":[{"id":7401,"href":"https:\/\/www.satiricon.be\/index.php?rest_route=\/wp\/v2\/posts\/7398\/revisions\/7401"}],"wp:attachment":[{"href":"https:\/\/www.satiricon.be\/index.php?rest_route=%2Fwp%2Fv2%2Fmedia&parent=7398"}],"wp:term":[{"taxonomy":"category","embeddable":true,"href":"https:\/\/www.satiricon.be\/index.php?rest_route=%2Fwp%2Fv2%2Fcategories&post=7398"},{"taxonomy":"post_tag","embeddable":true,"href":"https:\/\/www.satiricon.be\/index.php?rest_route=%2Fwp%2Fv2%2Ftags&post=7398"}],"curies":[{"name":"wp","href":"https:\/\/api.w.org\/{rel}","templated":true}]}}