{"id":745,"date":"2010-09-15T20:27:57","date_gmt":"2010-09-15T18:27:57","guid":{"rendered":"http:\/\/www.satiricon.be\/?p=745"},"modified":"2010-09-20T14:03:25","modified_gmt":"2010-09-20T12:03:25","slug":"belgique-terre-d%e2%80%99asile-de-fous","status":"publish","type":"post","link":"https:\/\/www.satiricon.be\/?p=745","title":{"rendered":"Belgique, terre d\u2019asile (de fous !)"},"content":{"rendered":"<p style=\"text-align: center;\"><img loading=\"lazy\" class=\"size-full wp-image-746  aligncenter\" title=\"Histoire de Belgique pour les snuls\" src=\"https:\/\/www.satiricon.be\/wp-content\/uploads\/2010\/09\/Histoire-de-Belgique-pour-les-snuls.jpg\" alt=\"Couverture de l'Histoire de Belgique pour les Snuls\" width=\"197\" height=\"271\" \/><\/p>\n<p style=\"text-align: justify;\">Dans son <strong><em>Histoire de Belgique pour les snuls<\/em><\/strong>, l\u2019historienne et psychanalyste Sylvie Lausberg propose une lecture, simplifi\u00e9e certes mais \u00f4 combien \u00e9clairante, du d\u00e9roulement des faits et de la vie des personnages marquants qui pr\u00e9sid\u00e8rent \u00e0 l\u2019\u00e9dification de Ce Pays d\u00e9sormais au bord du gouffre. Ses propos sont illustr\u00e9s d\u2019aquarelles de Luc De Decker (1907-1982, un illustrateur de manuels scolaires des ann\u00e9es cinquante) revues et corrig\u00e9es par Fr\u00e9d\u00e9ric Jannin &amp; St\u00e9phane Liberski, nos deux snuls de chez Snul.<\/p>\n<p style=\"text-align: justify;\">Apr\u00e8s \u00eatre remont\u00e9e aux dinosaures et aux iguanodons de Bernissart ainsi qu\u2019\u00e0 l\u2019homme de Spy (l\u2019anc\u00eatre lointain du Glaude Eerdekens\u2026), puis aux Gaulois, \u00e0 Charlemagne, aux croisades, \u00e0 la naissance des villes, \u00e0 la bataille des \u00c9perons d\u2019Or (remport\u00e9e aussi par des Wallons, ce que semble ignorer Bart De Wever, mais il est vrai qu\u2019il semble \u00eatre historien comme je suis pape), aux ducs de Bourgogne, \u00e0 Charles-Quint et aux occupations espagnole, autrichienne, fran\u00e7aise et hollandaise, l\u2019auteure narre l\u2019in\u00e9narrable\u00a0: la r\u00e9volution belge, la naissance de la Belgique et le r\u00e8gne de nos rois et r\u00e9gent successifs, pour en venir au f\u00e9d\u00e9ralisme \u00e0 la belge (vous savez bien\u00a0: ce poto-poto institutionnel qui accouchera bient\u00f4t par c\u00e9sarienne \u2013la scission unilat\u00e9rale de Bruxelles-Halle-Vilvorde\u2013 d\u2019un avorton mort-n\u00e9 appel\u00e9 Flandre, qui finira illico dans les poubelles de l\u2019Histoire\u2026), f\u00e9d\u00e9ralisme qui constitue une \u00ab\u00a0\u0153uvre\u00a0\u00bb bien plus surr\u00e9aliste que la gare de Perpignan, n\u2019en d\u00e9plaise \u00e0 feu Salvador Dali, pourtant grand ma\u00eetre \u00e8s-bouffonneries\u00a0!<\/p>\n<p style=\"text-align: justify;\">\n<p style=\"text-align: justify;\"><strong>P\u00c9TRONE<\/strong><\/p>\n<p style=\"text-align: justify;\">\n<p style=\"text-align: justify;\"><strong><em>Histoire de Belgique pour les snuls<\/em><\/strong> par Sylvie Lausberg, aquarelles de Luc De Decker revues et corrig\u00e9es par Fr\u00e9d\u00e9ric Jannin &amp; St\u00e9phane Liberski, dessins au trait de Christophe Swijzen, Bruxelles, \u00c9ditions La Muette, septembre\u00a02010, 103\u00a0pp. en quadrichromie au format 16,8\u00a0x\u00a023\u00a0cm sous couverture broch\u00e9e en couleurs, 9\u00a0\u20ac.<\/p>\n","protected":false},"excerpt":{"rendered":"<p>Dans son Histoire de Belgique pour les snuls, l\u2019historienne et psychanalyste Sylvie Lausberg propose une lecture, simplifi\u00e9e certes mais \u00f4 combien \u00e9clairante, du d\u00e9roulement des faits et de la vie des personnages marquants qui pr\u00e9sid\u00e8rent \u00e0 l\u2019\u00e9dification de Ce Pays d\u00e9sormais au bord du gouffre.<\/p>\n","protected":false},"author":2,"featured_media":0,"comment_status":"open","ping_status":"open","sticky":false,"template":"","format":"standard","meta":[],"categories":[51,11,65],"tags":[],"_links":{"self":[{"href":"https:\/\/www.satiricon.be\/index.php?rest_route=\/wp\/v2\/posts\/745"}],"collection":[{"href":"https:\/\/www.satiricon.be\/index.php?rest_route=\/wp\/v2\/posts"}],"about":[{"href":"https:\/\/www.satiricon.be\/index.php?rest_route=\/wp\/v2\/types\/post"}],"author":[{"embeddable":true,"href":"https:\/\/www.satiricon.be\/index.php?rest_route=\/wp\/v2\/users\/2"}],"replies":[{"embeddable":true,"href":"https:\/\/www.satiricon.be\/index.php?rest_route=%2Fwp%2Fv2%2Fcomments&post=745"}],"version-history":[{"count":7,"href":"https:\/\/www.satiricon.be\/index.php?rest_route=\/wp\/v2\/posts\/745\/revisions"}],"predecessor-version":[{"id":782,"href":"https:\/\/www.satiricon.be\/index.php?rest_route=\/wp\/v2\/posts\/745\/revisions\/782"}],"wp:attachment":[{"href":"https:\/\/www.satiricon.be\/index.php?rest_route=%2Fwp%2Fv2%2Fmedia&parent=745"}],"wp:term":[{"taxonomy":"category","embeddable":true,"href":"https:\/\/www.satiricon.be\/index.php?rest_route=%2Fwp%2Fv2%2Fcategories&post=745"},{"taxonomy":"post_tag","embeddable":true,"href":"https:\/\/www.satiricon.be\/index.php?rest_route=%2Fwp%2Fv2%2Ftags&post=745"}],"curies":[{"name":"wp","href":"https:\/\/api.w.org\/{rel}","templated":true}]}}