{"id":7462,"date":"2013-09-21T12:58:21","date_gmt":"2013-09-21T10:58:21","guid":{"rendered":"http:\/\/www.satiricon.be\/?p=7462"},"modified":"2013-09-21T13:06:14","modified_gmt":"2013-09-21T11:06:14","slug":"un-livre-courageux","status":"publish","type":"post","link":"https:\/\/www.satiricon.be\/?p=7462","title":{"rendered":"Un livre courageux&#8230;"},"content":{"rendered":"<p style=\"text-align: center;\"><a href=\"https:\/\/www.satiricon.be\/wp-content\/uploads\/2013\/09\/Le-livre-noir-de-loccupation-isra\u00e9lienne.jpg\"><img loading=\"lazy\" class=\"size-full wp-image-7464  aligncenter\" title=\"Le livre noir de l'occupation isra\u00e9lienne\" src=\"https:\/\/www.satiricon.be\/wp-content\/uploads\/2013\/09\/Le-livre-noir-de-loccupation-isra\u00e9lienne.jpg\" alt=\"\" width=\"230\" height=\"350\" srcset=\"https:\/\/www.satiricon.be\/wp-content\/uploads\/2013\/09\/Le-livre-noir-de-loccupation-isra\u00e9lienne.jpg 230w, https:\/\/www.satiricon.be\/wp-content\/uploads\/2013\/09\/Le-livre-noir-de-loccupation-isra\u00e9lienne-197x300.jpg 197w\" sizes=\"(max-width: 230px) 100vw, 230px\" \/><\/a><\/p>\n<p>V\u00e9ritable coup de tonnerre, <strong><em>Le livre de noir de l&rsquo;occupation isra\u00e9lienne<\/em><\/strong> \u00e0 para\u00eetre en octobre prochain chez Autrement \u00e0 Paris rassemble, pr\u00e9fac\u00e9s par le grand historien juif Zeev Sternhell et recueillis par l&rsquo;ONG <em>Breaking the Silence<\/em> fond\u00e9e \u00e0 J\u00e9rusalem en 2004 par des v\u00e9t\u00e9rans de Tsahal, 145\u00a0t\u00e9moignages de soldats et d&rsquo;officiers isra\u00e9liens relatifs \u00e0 l&rsquo;action quotidienne et aux crimes de guerre commis par l&rsquo;arm\u00e9e de l&rsquo;\u00c9tat h\u00e9breu en Palestine.<\/p>\n<p>Et tout y passe\u00a0: r\u00e9veil d&rsquo;un village en pleine nuit \u00e0 coups de grenades pour faire r\u00e9gner la terreur, destruction de maisons au motif de rechercher des armes dont on sait qu&rsquo;elles ne s&rsquo;y trouvent pas, soutien brutal \u00e0 des pique-niques (!) de colons, arrestation d&rsquo;enfants, passage \u00e0 tabac de prisonniers menott\u00e9s, annexion de terres, interdictions de passage aux <em>check-points<\/em> pour les enfants et les adultes atteints de jaunisse ou de cancer, actes de pillage, de violence gratuite et de vandalisme, ex\u00e9cutions sommaires pour lesquelles on est f\u00e9licit\u00e9&#8230;<\/p>\n<p>On est donc bien loin de l&rsquo;image pieuse d&rsquo;un Isra\u00ebl d\u00e9mocratique luttant contre le terrorisme palestinien pour prot\u00e9ger ses habitants des sauvageries (bien r\u00e9elles, elles aussi) du Hamas.<\/p>\n<p>Consid\u00e9r\u00e9s comme des tra\u00eetres dans leur pays parce qu&rsquo;ils mettent au jour ce que leurs compatriotes savent tous mais ne veulent pas reconna\u00eetre, ces t\u00e9moins pour l&rsquo;Histoire sont en r\u00e9alit\u00e9 des Justes dont il faut soutenir l&rsquo;action en faveur de la paix par une large diffusion du \u00a0r\u00e9cit de ce qu&rsquo;ils ont vu&#8230;<\/p>\n<p>Quitte \u00e0 se faire taxer d&rsquo;antis\u00e9mite par les va-t-en-guerre extr\u00e9mistes \u00e0 la botte du Likoud, d&rsquo;Israel Beytenou \u00a0et des colons ultra sionistes.<\/p>\n<p>Comme d&rsquo;hab&rsquo;&#8230;<\/p>\n<p><strong>P\u00c9TRONE<\/strong><\/p>\n<p><strong><em>Le livre noir de l&rsquo;occupation isra\u00e9lienne<\/em><\/strong>, ouvrage collectif, pr\u00e9face de Zeev Sternhell, Paris, \u00c9ditions Autrement, octobre\u00a02013, 399\u00a0pp. en noir et blanc au format 15\u00a0x\u00a023\u00a0cm sous couverture broch\u00e9e en couleurs, 22\u00a0\u20ac (prix France)<\/p>\n","protected":false},"excerpt":{"rendered":"<p>V\u00e9ritable coup de tonnerre, \u00ab\u00a0Le livre de noir de l&rsquo;occupation isra\u00e9lienne\u00a0\u00bb \u00e0 para\u00eetre en octobre prochain chez Autrement \u00e0 Paris rassemble, pr\u00e9fac\u00e9s par le grand historien juif Zeev Sternhell et recueillis par l&rsquo;ONG Breaking the Silence fond\u00e9e \u00e0 J\u00e9rusalem en 2004 par des v\u00e9t\u00e9rans de Tsahal, 145 t\u00e9moignages de soldats et d&rsquo;officiers isra\u00e9liens relatifs \u00e0 l&rsquo;action quotidienne et aux crimes de guerre commis par l&rsquo;arm\u00e9e de l&rsquo;\u00c9tat h\u00e9breu en Palestine.<\/p>\n","protected":false},"author":2,"featured_media":0,"comment_status":"open","ping_status":"open","sticky":false,"template":"","format":"standard","meta":[],"categories":[51,11],"tags":[],"_links":{"self":[{"href":"https:\/\/www.satiricon.be\/index.php?rest_route=\/wp\/v2\/posts\/7462"}],"collection":[{"href":"https:\/\/www.satiricon.be\/index.php?rest_route=\/wp\/v2\/posts"}],"about":[{"href":"https:\/\/www.satiricon.be\/index.php?rest_route=\/wp\/v2\/types\/post"}],"author":[{"embeddable":true,"href":"https:\/\/www.satiricon.be\/index.php?rest_route=\/wp\/v2\/users\/2"}],"replies":[{"embeddable":true,"href":"https:\/\/www.satiricon.be\/index.php?rest_route=%2Fwp%2Fv2%2Fcomments&post=7462"}],"version-history":[{"count":2,"href":"https:\/\/www.satiricon.be\/index.php?rest_route=\/wp\/v2\/posts\/7462\/revisions"}],"predecessor-version":[{"id":7466,"href":"https:\/\/www.satiricon.be\/index.php?rest_route=\/wp\/v2\/posts\/7462\/revisions\/7466"}],"wp:attachment":[{"href":"https:\/\/www.satiricon.be\/index.php?rest_route=%2Fwp%2Fv2%2Fmedia&parent=7462"}],"wp:term":[{"taxonomy":"category","embeddable":true,"href":"https:\/\/www.satiricon.be\/index.php?rest_route=%2Fwp%2Fv2%2Fcategories&post=7462"},{"taxonomy":"post_tag","embeddable":true,"href":"https:\/\/www.satiricon.be\/index.php?rest_route=%2Fwp%2Fv2%2Ftags&post=7462"}],"curies":[{"name":"wp","href":"https:\/\/api.w.org\/{rel}","templated":true}]}}