{"id":7480,"date":"2013-09-26T19:10:58","date_gmt":"2013-09-26T17:10:58","guid":{"rendered":"http:\/\/www.satiricon.be\/?p=7480"},"modified":"2013-09-26T19:25:43","modified_gmt":"2013-09-26T17:25:43","slug":"7480","status":"publish","type":"post","link":"https:\/\/www.satiricon.be\/?p=7480","title":{"rendered":"Un  grand art de la rue"},"content":{"rendered":"<p><em> <\/em><\/p>\n<p style=\"text-align: center;\"><a href=\"https:\/\/www.satiricon.be\/wp-content\/uploads\/2013\/09\/Le-rap-fran\u00e7ais-\u2013-Dix-ans-apr\u00e8s.jpg\"><img loading=\"lazy\" class=\"size-full wp-image-7481  aligncenter\" title=\"Le rap fran\u00e7ais \u2013 Dix ans apr\u00e8s\" src=\"https:\/\/www.satiricon.be\/wp-content\/uploads\/2013\/09\/Le-rap-fran\u00e7ais-\u2013-Dix-ans-apr\u00e8s.jpg\" alt=\"\" width=\"215\" height=\"350\" srcset=\"https:\/\/www.satiricon.be\/wp-content\/uploads\/2013\/09\/Le-rap-fran\u00e7ais-\u2013-Dix-ans-apr\u00e8s.jpg 215w, https:\/\/www.satiricon.be\/wp-content\/uploads\/2013\/09\/Le-rap-fran\u00e7ais-\u2013-Dix-ans-apr\u00e8s-184x300.jpg 184w\" sizes=\"(max-width: 215px) 100vw, 215px\" \/><\/a><\/p>\n<p>Dans <strong><em>Le rap fran\u00e7ais \u2013 Dix ans apr\u00e8s Anthologie<\/em><\/strong> paru aux \u00c9ditions de la Table Ronde \u00e0 Paris, le journaliste litt\u00e9raire et musical fran\u00e7ais Jean-Claude Perrier fait le point sur les textes d&rsquo;un art de la rue qui, au fil du temps, a conquis ses lettres de noblesse et s&rsquo;est parfois \u00e9lev\u00e9 au rang de po\u00e9sie pure.<\/p>\n<p>N\u00e9 dans les soubresauts d&rsquo;un malaise social ayant engendr\u00e9 une violence omnipr\u00e9sente (\u00e0 l&rsquo;\u00e9cole, \u00e0 l&rsquo;h\u00f4pital et dans la cit\u00e9) sur fond de racisme, de fanatisme religieux et de communautarisme, le rap a navigu\u00e9 sur les vagues de la crise, men\u00e9 par trois nautoniers insubmersibles, MC Solaar, IAM et NTM, chacun chantre \u00e0 sa mani\u00e8re des lames de fond de l&rsquo;histoire urbaine contemporaine.<\/p>\n<p>C&rsquo;est ce que montre avec justesse l&rsquo;ouvrage de Jean-Claude Perrier qui, tout en rassemblant des textes d&rsquo;artistes consacr\u00e9s, s&rsquo;ouvre \u00e0 ceux de nouveaux talents prometteurs comme Oxmo Puccino, Passi ou Busta Flex.<\/p>\n<p><strong>P\u00c9TRONE<\/strong><\/p>\n<p><strong><em>Le rap fran\u00e7ais \u2013 Dix ans apr\u00e8s Anthologie <\/em><\/strong>par Jean-Claude Perrier, deuxi\u00e8me \u00e9dition revue et corrig\u00e9e, Paris, \u00c9ditions de la Table Ronde, collection \u00ab\u00a0La petite vermillon\u00a0\u00bb, janvier\u00a02010, 412\u00a0pp. en noir et blanc au format 11\u00a0x\u00a018\u00a0cm sous couverture broch\u00e9e en couleurs, 10\u00a0\u20ac (prix France)<\/p>\n<p>Pour vous, nous avons recopi\u00e9 dans cet ouvrage aux accent contemporains le texte suivant, de MC Solaar\u00a0:<\/p>\n<p><strong>LA CONCUBINE DE L&rsquo;H\u00c9MOGLOBINE<\/strong><\/p>\n<p>J\u2019ai vu la concubine de l\u2019h\u00e9moglobine<\/p>\n<p>Balancer des rafales de balles et faire des victimes<\/p>\n<p>Dans les rangs des descendants d\u2019Adam<\/p>\n<p>C\u2019est accablant, troublant, ce ne sont pas des balles \u00e0 blanc.<\/p>\n<p>On envoie des pigeons d\u00e9fendre des bombes<\/p>\n<p>Le Dormeur du Val ne dort pas,<\/p>\n<p>Il est mort et son corps est rigide et froid.<\/p>\n<p>J\u2019ai vu la concubine de l\u2019h\u00e9moglobine<\/p>\n<p>Chez les Vietmins au Vietnam, sous la forme de mines et de napalm<\/p>\n<p>Parce que la science nous balance sa science<\/p>\n<p>Science sans conscience \u00e9gale science de l\u2019inconscience<\/p>\n<p>Elle se fout du progr\u00e8s, mais souhaite la progression<\/p>\n<p>De tous les processus qui m\u00e8nent \u00e0 l\u2019\u00e9limination.<\/p>\n<p>J\u2019ai vu la concubine de l\u2019h\u00e9moglobine<\/p>\n<p>Morne comme l\u2019automne, un printemps en Chine.<\/p>\n<p>\u00c7a c\u2019est assez, pass\u00e9, assez g\u00e2ch\u00e9, cass\u00e9<\/p>\n<p>La porcelaine de peine, qu\u2019est la colombe de la paix<\/p>\n<p>L\u2019art de la guerre tue des jeunes bambins,<\/p>\n<p>L\u2019\u0153uvre de Kim Song Man reste sur sa fin<\/p>\n<p>La guerre niqua, Guernica<\/p>\n<p>Et comme le pique-assiette, Picasso la repiqua<\/p>\n<p>J\u2019ai vu la concubine de l\u2019h\u00e9moglobine<\/p>\n<p>En campagne \u00e9lectorale dans les magazines<\/p>\n<p>Jovial, mais bancal, le politicien s\u2019installe<\/p>\n<p>Comme le dit I\u2019AM\u00a0: \u00ab\u00a0C\u2019est un hold-up mental\u00a0\u00bb.<\/p>\n<p>Je les dose avec le prose combat<\/p>\n<p>Pose avec le mic, le mic est devenu ma tenue de combat<\/p>\n<p>J\u2019aime la politique quand elle a assez de vocation<\/p>\n<p>Pour lutter contre les processus qui m\u00e8nent \u00e0 l\u2019\u00e9limination.<\/p>\n<p>J\u2019ai vu la concubine de l\u2019h\u00e9moglobine<\/p>\n<p>Dans ma lutte \u00e9conomique, Kalach-M16<\/p>\n<p>L\u2019opinion s\u2019aper\u00e7oit vite qu\u2019il y a des malheureux,<\/p>\n<p>Quand le sol vire au rouge viennent les casques bleus<\/p>\n<p>Le SOLAARSENAL est \u00e9quip\u00e9 de balles vocales,<\/p>\n<p>Face au sol-sol, sol-air, Solaar se fait radical<\/p>\n<p>Constate le paradoxe du pompier pyromane, hum<\/p>\n<p>C\u2019est comme si la maffia luttait contre la maffia<\/p>\n<p>J\u2019ai vu la concubine de l\u2019h\u00e9moglobine<\/p>\n<p>Se faire belle comme des vo\u00fbtes de la chapelle Sixtine<\/p>\n<p>Pour l\u2019alphab\u00e9tisation des n\u00e9o-fachos, \u00e0 froid ou \u00e0 chaud<\/p>\n<p>Avant le bachot, ils souhaitaient le cachot, va revoir Dachau<\/p>\n<p>Tel est le b-a ba de l\u2019ABC du jeune facho<\/p>\n<p>C\u2019est la horde aux ordres d\u2019un nouvel ordre.<\/p>\n<p>Un peu partout dans les villes du globe, les cr\u00e9tins tissent leurs cordes<\/p>\n<p>J\u2019ai vu la concubine de l\u2019h\u00e9moglobine<\/p>\n<p>Elle aime la prolactine et les black smokings<\/p>\n<p>J\u2019ai vu la concubine de l\u2019h\u00e9moglobine<\/p>\n<p>J\u2019ai vu la concubine de l\u2019h\u00e9moglobine<\/p>\n<p>Voici un extrait de mes pens\u00e9es profondes,<\/p>\n<p>Ma guerre des nerfs parce que l\u2019ignorance est le nerf de la guerre,<\/p>\n<p>On nous dit, Dieu est lumi\u00e8re, nous sommes tous fr\u00e8res,<\/p>\n<p>Mais on constate que la lumi\u00e8re est \u00e9teinte,<\/p>\n<p>Je souhaite que nous ne fassions plus les m\u00eames erreurs,<\/p>\n<p>C\u2019est dur \u00e0 dire, mais\u2026<\/p>\n<p>J\u2019ai peur.<\/p>\n","protected":false},"excerpt":{"rendered":"<p>Dans \u00ab\u00a0Le rap fran\u00e7ais \u2013 Dix ans apr\u00e8s Anthologie\u00a0\u00bb paru aux \u00c9ditions de la Table Ronde \u00e0 Paris, le journaliste litt\u00e9raire et musical fran\u00e7ais Jean-Claude Perrier fait le point sur les textes d&rsquo;un art de la rue qui, au fil du temps, a conquis ses lettres de noblesse et s&rsquo;est parfois \u00e9lev\u00e9 au rang de po\u00e9sie pure. <\/p>\n","protected":false},"author":2,"featured_media":0,"comment_status":"open","ping_status":"open","sticky":false,"template":"","format":"standard","meta":[],"categories":[54,11],"tags":[],"_links":{"self":[{"href":"https:\/\/www.satiricon.be\/index.php?rest_route=\/wp\/v2\/posts\/7480"}],"collection":[{"href":"https:\/\/www.satiricon.be\/index.php?rest_route=\/wp\/v2\/posts"}],"about":[{"href":"https:\/\/www.satiricon.be\/index.php?rest_route=\/wp\/v2\/types\/post"}],"author":[{"embeddable":true,"href":"https:\/\/www.satiricon.be\/index.php?rest_route=\/wp\/v2\/users\/2"}],"replies":[{"embeddable":true,"href":"https:\/\/www.satiricon.be\/index.php?rest_route=%2Fwp%2Fv2%2Fcomments&post=7480"}],"version-history":[{"count":2,"href":"https:\/\/www.satiricon.be\/index.php?rest_route=\/wp\/v2\/posts\/7480\/revisions"}],"predecessor-version":[{"id":7483,"href":"https:\/\/www.satiricon.be\/index.php?rest_route=\/wp\/v2\/posts\/7480\/revisions\/7483"}],"wp:attachment":[{"href":"https:\/\/www.satiricon.be\/index.php?rest_route=%2Fwp%2Fv2%2Fmedia&parent=7480"}],"wp:term":[{"taxonomy":"category","embeddable":true,"href":"https:\/\/www.satiricon.be\/index.php?rest_route=%2Fwp%2Fv2%2Fcategories&post=7480"},{"taxonomy":"post_tag","embeddable":true,"href":"https:\/\/www.satiricon.be\/index.php?rest_route=%2Fwp%2Fv2%2Ftags&post=7480"}],"curies":[{"name":"wp","href":"https:\/\/api.w.org\/{rel}","templated":true}]}}