{"id":7508,"date":"2013-10-02T18:58:36","date_gmt":"2013-10-02T16:58:36","guid":{"rendered":"http:\/\/www.satiricon.be\/?p=7508"},"modified":"2013-10-02T19:01:30","modified_gmt":"2013-10-02T17:01:30","slug":"le-retour-du-grand-jacques","status":"publish","type":"post","link":"https:\/\/www.satiricon.be\/?p=7508","title":{"rendered":"Le retour du grand Jacques&#8230;"},"content":{"rendered":"<p style=\"text-align: center;\"><a href=\"https:\/\/www.satiricon.be\/wp-content\/uploads\/2013\/10\/Brel-r\u00eaver-un-impossible-r\u00eave.jpg\"><img loading=\"lazy\" class=\"size-full wp-image-7509  aligncenter\" title=\"Brel r\u00eaver un impossible r\u00eave\" src=\"https:\/\/www.satiricon.be\/wp-content\/uploads\/2013\/10\/Brel-r\u00eaver-un-impossible-r\u00eave.jpg\" alt=\"\" width=\"278\" height=\"350\" srcset=\"https:\/\/www.satiricon.be\/wp-content\/uploads\/2013\/10\/Brel-r\u00eaver-un-impossible-r\u00eave.jpg 278w, https:\/\/www.satiricon.be\/wp-content\/uploads\/2013\/10\/Brel-r\u00eaver-un-impossible-r\u00eave-238x300.jpg 238w\" sizes=\"(max-width: 278px) 100vw, 278px\" \/><\/a><\/p>\n<p>Il y a 35\u00a0ans, le 9\u00a0octobre 1978, Jacques Brel s&rsquo;\u00e9teignait \u00e0 Bobigny avant d&rsquo;\u00eatre inhum\u00e9 aux Marquises o\u00f9 il s&rsquo;\u00e9tait retir\u00e9 pour lutter \u2013 en vain \u2013 contre le cancer des poumons qui le rongeait.<\/p>\n<p>Il avait 49\u00a0ans.<\/p>\n<p>On le sait, notre grand Jacques a marqu\u00e9 son \u00e9poque \u2013 et la n\u00f4tre \u2013 par des chansons qui secou\u00e8rent vigoureusement le cocotier (<em>Les bourgeois<\/em>, <em>Les bigotes<\/em>, <em>Les Flamandes<\/em>, <em>Les<\/em> <em>biches<\/em>, <em>Ces gens-l\u00e0<\/em>, <em>Les flamingants<\/em>&#8230;), d\u00e9crivirent le monde (<em>Le plat pays<\/em>, <em>Amsterdam<\/em>, <em>Les Marquises<\/em>) et le pass\u00e9 (<em>Bruxelles<\/em>, <em>Pourquoi ont-ils tu\u00e9 Jaur\u00e8s\u00a0?<\/em>) ou renouvel\u00e8rent le genre amoureux (<em>Ne me quitte pas<\/em>, <em>La chanson des<\/em> <em>vieux amants<\/em>, <em>Orly<\/em>\u2026), mais aussi par son jeu d&rsquo;acteur dans des films m\u00e9morables (<em>Mon oncle Benjamin<\/em>,<em> Les risques du m\u00e9tier<\/em>, <em>La bande \u00e0 Bonnot<\/em>, <em>L&#8217;emmerdeur<\/em>&#8230;) et dans une com\u00e9die musicale mythique (<em>L&rsquo;homme de la Mancha<\/em>).<\/p>\n<p>Dans <strong><em>Brel r\u00eaver un impossible r\u00eave<\/em><\/strong> (paru chez Hugo et Cie \u00e0 Paris), un remarquable essai biographique nourri des t\u00e9moignages de proches ou de collaborateurs de l&rsquo;artiste et illustr\u00e9 de photos prises par son photographe attitr\u00e9, le journaliste fran\u00e7ais Alain Wodrascka ressuscite le po\u00e8te qui, avec Brassens, Ferr\u00e9 et Ferrat, redonna \u00e0 la chanson sa vigueur et sa cr\u00e9ativit\u00e9 originelles, celles des \u0153uvres d&rsquo;un Rutebeuf ou d&rsquo;un Fran\u00e7ois Villon.<\/p>\n<p>Chapeau bas\u00a0!<\/p>\n<p><strong>P\u00c9TRONE<\/strong><\/p>\n<p><strong><em>Brel r\u00eaver un impossible r\u00eave<\/em><\/strong> par Alain Wodrascka, photographies de Jean-Pierre Leloir, Paris, \u00c9ditions Hugo et C<sup>ie<\/sup>, septembre\u00a02013, 144\u00a0pp. en quadrichromie au format 16\u00a0x\u00a023\u00a0cm sous couverture broch\u00e9e en couleurs, 19,95\u00a0\u20ac (prix France)<\/p>\n","protected":false},"excerpt":{"rendered":"<p>Dans \u00ab\u00a0Brel r\u00eaver un impossible r\u00eave\u00a0\u00bb, un remarquable essai biographique nourri des t\u00e9moignages de proches ou de collaborateurs de l&rsquo;artiste et illustr\u00e9 de photos prises par son photographe attitr\u00e9, le journaliste fran\u00e7ais Alain Wodrascka ressuscite le po\u00e8te qui, avec Brassens, Ferr\u00e9 et Ferrat, redonna \u00e0 la chanson sa vigueur et sa cr\u00e9ativit\u00e9 originelles, celles des \u0153uvres d&rsquo;un Rutebeuf ou d&rsquo;un Fran\u00e7ois Villon.<\/p>\n","protected":false},"author":2,"featured_media":0,"comment_status":"open","ping_status":"open","sticky":false,"template":"","format":"standard","meta":[],"categories":[77,11],"tags":[],"_links":{"self":[{"href":"https:\/\/www.satiricon.be\/index.php?rest_route=\/wp\/v2\/posts\/7508"}],"collection":[{"href":"https:\/\/www.satiricon.be\/index.php?rest_route=\/wp\/v2\/posts"}],"about":[{"href":"https:\/\/www.satiricon.be\/index.php?rest_route=\/wp\/v2\/types\/post"}],"author":[{"embeddable":true,"href":"https:\/\/www.satiricon.be\/index.php?rest_route=\/wp\/v2\/users\/2"}],"replies":[{"embeddable":true,"href":"https:\/\/www.satiricon.be\/index.php?rest_route=%2Fwp%2Fv2%2Fcomments&post=7508"}],"version-history":[{"count":3,"href":"https:\/\/www.satiricon.be\/index.php?rest_route=\/wp\/v2\/posts\/7508\/revisions"}],"predecessor-version":[{"id":7511,"href":"https:\/\/www.satiricon.be\/index.php?rest_route=\/wp\/v2\/posts\/7508\/revisions\/7511"}],"wp:attachment":[{"href":"https:\/\/www.satiricon.be\/index.php?rest_route=%2Fwp%2Fv2%2Fmedia&parent=7508"}],"wp:term":[{"taxonomy":"category","embeddable":true,"href":"https:\/\/www.satiricon.be\/index.php?rest_route=%2Fwp%2Fv2%2Fcategories&post=7508"},{"taxonomy":"post_tag","embeddable":true,"href":"https:\/\/www.satiricon.be\/index.php?rest_route=%2Fwp%2Fv2%2Ftags&post=7508"}],"curies":[{"name":"wp","href":"https:\/\/api.w.org\/{rel}","templated":true}]}}