{"id":7732,"date":"2013-12-14T18:13:09","date_gmt":"2013-12-14T16:13:09","guid":{"rendered":"http:\/\/www.satiricon.be\/?p=7732"},"modified":"2013-12-17T12:17:27","modified_gmt":"2013-12-17T10:17:27","slug":"7732","status":"publish","type":"post","link":"https:\/\/www.satiricon.be\/?p=7732","title":{"rendered":"Verba volant&#8230;"},"content":{"rendered":"<p><em> <\/em><\/p>\n<p style=\"text-align: center;\"><a href=\"https:\/\/www.satiricon.be\/wp-content\/uploads\/2013\/12\/100-ans-de-radio-en-Belgique.jpg\"><img loading=\"lazy\" class=\"size-full wp-image-7734  aligncenter\" title=\"100 ans de radio en Belgique\" src=\"https:\/\/www.satiricon.be\/wp-content\/uploads\/2013\/12\/100-ans-de-radio-en-Belgique.jpg\" alt=\"\" width=\"272\" height=\"272\" srcset=\"https:\/\/www.satiricon.be\/wp-content\/uploads\/2013\/12\/100-ans-de-radio-en-Belgique.jpg 272w, https:\/\/www.satiricon.be\/wp-content\/uploads\/2013\/12\/100-ans-de-radio-en-Belgique-150x150.jpg 150w\" sizes=\"(max-width: 272px) 100vw, 272px\" \/><\/a><\/p>\n<p>On apprend dans <strong><em>100 ans de radio en Belgique<\/em><\/strong>, un magnifique album paru \u00e0 La Renaissance du Livre, que c&rsquo;est dans notre pays que fut diffus\u00e9 en date du 28\u00a0mars 1914 le premier programme radiophonique europ\u00e9en, un concert d&rsquo;airs d&rsquo;op\u00e9rettes et d&rsquo;op\u00e9ras ainsi que de morceaux \u00e0 la mode, bien entendu ponctu\u00e9s par <em>La Braban\u00e7onne<\/em> et <em>La Marseillaise<\/em>.<\/p>\n<p>Une grande aventure commen\u00e7ait, dont Philippe Caufriez, Brice Depasse et Nicolas Gaspard, \u00e9minents sp\u00e9cialistes du micro s&rsquo;il en est (ils \u0153uvrent \u00e0 la RTBF et sur Nostalgie), retracent l&rsquo;histoire en d\u00e9tail avec force documents rares et passionnants.<\/p>\n<p>L&rsquo;occasion de se souvenir, entre autres, du fait que Th\u00e9o Fleischman fut le premier speaker au monde \u00e0 s&rsquo;entourer d&rsquo;une \u00e9quipe de journalistes pour son journal parl\u00e9 \u00e9mis \u00e0 partir du 1<sup>er<\/sup> novembre 1926, qu&rsquo;avant d&rsquo;\u00eatre devenue la <em>Casa Kafka<\/em> ch\u00e8re \u00e0 feu Alidor, la RTB(F) tint ses assises dans le superbe \u00ab\u00a0bateau Flagey\u00a0\u00bb con\u00e7u par Joseph Diongre, ou que bien des gens \u00ab\u00a0allumaient le poste\u00a0\u00bb pour les communiqu\u00e9s destin\u00e9s \u00e0 la batellerie ou aux colombophiles&#8230;<\/p>\n<p>Et de ne pas oublier les noms de Luc Varenne, Armand Bachelier, Jean-Pierre Hautier, G\u00e9rard Valet, Jacques Mercier, St\u00e9phane Steeman, Jean-Claude Menessier, Claude Delacroix, Marc Moulin, Marc Ysaye qui, avant Barbara Mertens, Pascal Vrebos ou St\u00e9phane Pauwels, eurent aussi leurs auditeurs inconditionnels&#8230;<\/p>\n<p><strong>P\u00c9TRONE<\/strong><\/p>\n<p><strong><em>100 ans de radio en Belgique<\/em><\/strong> par Philippe Caufriez, Brice Depasse &amp; Nicolas Gaspard, Waterloo, \u00c9ditions de la Renaissance du Livre, novembre\u00a02013, 255\u00a0pp., 29,90\u00a0\u20ac<\/p>\n","protected":false},"excerpt":{"rendered":"<p>On apprend dans \u00ab\u00a0100 ans de radio en Belgique\u00a0\u00bb, un magnifique album paru \u00e0 La Renaissance du Livre, que c&rsquo;est dans notre pays que fut diffus\u00e9 en date du 28 mars 1914 le premier programme radiophonique europ\u00e9en, un concert d&rsquo;airs d&rsquo;op\u00e9rettes et d&rsquo;op\u00e9ras ainsi que de morceaux \u00e0 la mode, bien entendu ponctu\u00e9s par \u00ab\u00a0La Braban\u00e7onne\u00a0\u00bb et La \u00ab\u00a0Marseillaise\u00a0\u00bb. <\/p>\n","protected":false},"author":2,"featured_media":0,"comment_status":"open","ping_status":"open","sticky":false,"template":"","format":"standard","meta":[],"categories":[11,33],"tags":[],"_links":{"self":[{"href":"https:\/\/www.satiricon.be\/index.php?rest_route=\/wp\/v2\/posts\/7732"}],"collection":[{"href":"https:\/\/www.satiricon.be\/index.php?rest_route=\/wp\/v2\/posts"}],"about":[{"href":"https:\/\/www.satiricon.be\/index.php?rest_route=\/wp\/v2\/types\/post"}],"author":[{"embeddable":true,"href":"https:\/\/www.satiricon.be\/index.php?rest_route=\/wp\/v2\/users\/2"}],"replies":[{"embeddable":true,"href":"https:\/\/www.satiricon.be\/index.php?rest_route=%2Fwp%2Fv2%2Fcomments&post=7732"}],"version-history":[{"count":2,"href":"https:\/\/www.satiricon.be\/index.php?rest_route=\/wp\/v2\/posts\/7732\/revisions"}],"predecessor-version":[{"id":7739,"href":"https:\/\/www.satiricon.be\/index.php?rest_route=\/wp\/v2\/posts\/7732\/revisions\/7739"}],"wp:attachment":[{"href":"https:\/\/www.satiricon.be\/index.php?rest_route=%2Fwp%2Fv2%2Fmedia&parent=7732"}],"wp:term":[{"taxonomy":"category","embeddable":true,"href":"https:\/\/www.satiricon.be\/index.php?rest_route=%2Fwp%2Fv2%2Fcategories&post=7732"},{"taxonomy":"post_tag","embeddable":true,"href":"https:\/\/www.satiricon.be\/index.php?rest_route=%2Fwp%2Fv2%2Ftags&post=7732"}],"curies":[{"name":"wp","href":"https:\/\/api.w.org\/{rel}","templated":true}]}}