{"id":7856,"date":"2014-02-19T14:34:08","date_gmt":"2014-02-19T12:34:08","guid":{"rendered":"http:\/\/www.satiricon.be\/?p=7856"},"modified":"2014-02-19T14:36:11","modified_gmt":"2014-02-19T12:36:11","slug":"gericault-fragments-de-compassion","status":"publish","type":"post","link":"https:\/\/www.satiricon.be\/?p=7856","title":{"rendered":"G\u00e9ricault Fragments de compassion"},"content":{"rendered":"<p style=\"text-align: center;\"><a href=\"https:\/\/www.satiricon.be\/wp-content\/uploads\/2014\/02\/G\u00e9ricault-affiche-1-basse-d\u00e9finition.jpg\"><img loading=\"lazy\" class=\"size-full wp-image-7865  aligncenter\" title=\"G\u00e9ricault (affiche 1) basse d\u00e9finition\" src=\"https:\/\/www.satiricon.be\/wp-content\/uploads\/2014\/02\/G\u00e9ricault-affiche-1-basse-d\u00e9finition.jpg\" alt=\"\" width=\"247\" height=\"350\" srcset=\"https:\/\/www.satiricon.be\/wp-content\/uploads\/2014\/02\/G\u00e9ricault-affiche-1-basse-d\u00e9finition.jpg 247w, https:\/\/www.satiricon.be\/wp-content\/uploads\/2014\/02\/G\u00e9ricault-affiche-1-basse-d\u00e9finition-211x300.jpg 211w\" sizes=\"(max-width: 247px) 100vw, 247px\" \/><\/a><\/p>\n<p style=\"text-align: center;\"><strong>Une magnifique exposition au Mus\u00e9e des Beaux-Arts (MSK) de Gand, du 21 f\u00e9vrier au 25 mai 2014<\/strong><\/p>\n<p>En 1908, Les Amis du Mus\u00e9e des Beaux-Arts de Gand ach\u00e8tent pour une somme fort raisonnable, lors d\u2019une vente aux ench\u00e8res \u00e0 Paris, un tableau de Th\u00e9odore G\u00e9ricault (1791-1824) intitul\u00e9 <em>Le Fou assassin<\/em>. \u00c0\u00a0l\u2019\u00e9poque, la presse parisienne qui faisait \u00e9tat de cette vente se demandait qui serait assez insens\u00e9 pour accrocher une telle \u0153uvre dans son salon\u00a0!<\/p>\n<p style=\"text-align: center;\"><a href=\"https:\/\/www.satiricon.be\/wp-content\/uploads\/2014\/02\/G\u00e9ricault-Portrait-dun-cleptomane-basse-d\u00e9finition.jpg\"><img loading=\"lazy\" class=\"size-full wp-image-7857  aligncenter\" title=\"G\u00e9ricault Portrait d'un cleptomane (basse d\u00e9finition)\" src=\"https:\/\/www.satiricon.be\/wp-content\/uploads\/2014\/02\/G\u00e9ricault-Portrait-dun-cleptomane-basse-d\u00e9finition.jpg\" alt=\"\" width=\"281\" height=\"350\" srcset=\"https:\/\/www.satiricon.be\/wp-content\/uploads\/2014\/02\/G\u00e9ricault-Portrait-dun-cleptomane-basse-d\u00e9finition.jpg 281w, https:\/\/www.satiricon.be\/wp-content\/uploads\/2014\/02\/G\u00e9ricault-Portrait-dun-cleptomane-basse-d\u00e9finition-240x300.jpg 240w\" sizes=\"(max-width: 281px) 100vw, 281px\" \/><\/a><\/p>\n<p style=\"text-align: center;\">Portrait d&rsquo;un cleptomane<\/p>\n<p>Ce portrait, en r\u00e9alit\u00e9 celui d\u2019un cleptomane, faisait partie d\u2019un ensemble de portraits d\u2019ali\u00e9n\u00e9s, tout comme <em>La Monomane de l\u2019envie<\/em> du Mus\u00e9e des Beaux-Arts de Lyon et <em>Le<\/em> <em>Monomane du rapt d\u2019enfants<\/em> du Museum of Fine Arts de Springfield peints par G\u00e9ricault \u00e0 l\u2019h\u00f4pital la Salp\u00eatri\u00e8re.<\/p>\n<p style=\"text-align: center;\"><a href=\"https:\/\/www.satiricon.be\/wp-content\/uploads\/2014\/02\/G\u00e9ricault-La-monomane-de-lenvie-basse-d\u00e9finition.jpg\"><img loading=\"lazy\" class=\"size-full wp-image-7858  aligncenter\" title=\"&quot;Die irrsinnige Neiderin&quot;\" src=\"https:\/\/www.satiricon.be\/wp-content\/uploads\/2014\/02\/G\u00e9ricault-La-monomane-de-lenvie-basse-d\u00e9finition.jpg\" alt=\"\" width=\"284\" height=\"338\" srcset=\"https:\/\/www.satiricon.be\/wp-content\/uploads\/2014\/02\/G\u00e9ricault-La-monomane-de-lenvie-basse-d\u00e9finition.jpg 284w, https:\/\/www.satiricon.be\/wp-content\/uploads\/2014\/02\/G\u00e9ricault-La-monomane-de-lenvie-basse-d\u00e9finition-252x300.jpg 252w\" sizes=\"(max-width: 284px) 100vw, 284px\" \/><\/a><\/p>\n<p style=\"text-align: center;\">La Monomane de l&rsquo;envie<\/p>\n<p style=\"text-align: center;\"><a href=\"https:\/\/www.satiricon.be\/wp-content\/uploads\/2014\/02\/G\u00e9ricault-Le-monomane-du-rapt-d\u2019enfants-basse-d\u00e9finition.jpg\"><img loading=\"lazy\" class=\"size-full wp-image-7859  aligncenter\" title=\"G\u00e9ricault Le monomane du rapt d\u2019enfants (basse d\u00e9finition)\" src=\"https:\/\/www.satiricon.be\/wp-content\/uploads\/2014\/02\/G\u00e9ricault-Le-monomane-du-rapt-d\u2019enfants-basse-d\u00e9finition.jpg\" alt=\"\" width=\"292\" height=\"350\" srcset=\"https:\/\/www.satiricon.be\/wp-content\/uploads\/2014\/02\/G\u00e9ricault-Le-monomane-du-rapt-d\u2019enfants-basse-d\u00e9finition.jpg 292w, https:\/\/www.satiricon.be\/wp-content\/uploads\/2014\/02\/G\u00e9ricault-Le-monomane-du-rapt-d\u2019enfants-basse-d\u00e9finition-250x300.jpg 250w\" sizes=\"(max-width: 292px) 100vw, 292px\" \/><\/a><\/p>\n<p style=\"text-align: center;\">Le Monomane du rapt d&rsquo;enfant<\/p>\n<p>En 1819, Th\u00e9odore G\u00e9ricault expose son grand tableau d\u2019histoire, <em>Le Radeau de la M\u00e9duse<\/em>, qui suscite l\u2019admiration, mais aussi la r\u00e9pulsion du public en raison m\u00eame des circonstances tragiques du naufrage. De plus, la toile met en \u00e9vidence les erreurs politiques du gouvernement, ce qui n\u2019a pas l\u2019heur de plaire au pouvoir alors en place. N\u00e9anmoins, cette composition monumentale fait de G\u00e9ricault le porte-flambeau d\u2019une nouvelle mani\u00e8re de peindre et, avec les r\u00e9cents \u00e9v\u00e9nements de Lampedusa, sa peinture est plus contemporaine que jamais.<\/p>\n<p style=\"text-align: center;\"><a href=\"https:\/\/www.satiricon.be\/wp-content\/uploads\/2014\/02\/G\u00e9ricault-Le-radeau-de-la-M\u00e9duse-l\u2019Argus-en-vue-basse-d\u00e9finition.jpg\"><img loading=\"lazy\" class=\"size-full wp-image-7860  aligncenter\" title=\"Skizze zu &quot;Das Flo\u00df der Medusa&quot;\" src=\"https:\/\/www.satiricon.be\/wp-content\/uploads\/2014\/02\/G\u00e9ricault-Le-radeau-de-la-M\u00e9duse-l\u2019Argus-en-vue-basse-d\u00e9finition.jpg\" alt=\"\" width=\"442\" height=\"350\" srcset=\"https:\/\/www.satiricon.be\/wp-content\/uploads\/2014\/02\/G\u00e9ricault-Le-radeau-de-la-M\u00e9duse-l\u2019Argus-en-vue-basse-d\u00e9finition.jpg 442w, https:\/\/www.satiricon.be\/wp-content\/uploads\/2014\/02\/G\u00e9ricault-Le-radeau-de-la-M\u00e9duse-l\u2019Argus-en-vue-basse-d\u00e9finition-300x237.jpg 300w\" sizes=\"(max-width: 442px) 100vw, 442px\" \/><\/a><\/p>\n<p style=\"text-align: center;\">Le Radeau de la M\u00e9duse, l\u2019Argus en vue<\/p>\n<p>Peu apr\u00e8s, G\u00e9ricault r\u00e9alise une s\u00e9rie de portraits de malades mentaux, qui renonce aux mani\u00e8res conventionnelles de traduire la folie en pr\u00e9f\u00e9rant rendre aux malades repr\u00e9sent\u00e9s leur personnalit\u00e9 et leur humanit\u00e9.<\/p>\n<p style=\"text-align: center;\"><a href=\"https:\/\/www.satiricon.be\/wp-content\/uploads\/2014\/02\/G\u00e9ricault-Fragments-anatomiques-basse-d\u00e9finition.jpg\"><img loading=\"lazy\" class=\"size-full wp-image-7861    aligncenter\" title=\"G\u00e9ricault Fragments anatomiques (basse d\u00e9finition)\" src=\"https:\/\/www.satiricon.be\/wp-content\/uploads\/2014\/02\/G\u00e9ricault-Fragments-anatomiques-basse-d\u00e9finition.jpg\" alt=\"\" width=\"399\" height=\"350\" srcset=\"https:\/\/www.satiricon.be\/wp-content\/uploads\/2014\/02\/G\u00e9ricault-Fragments-anatomiques-basse-d\u00e9finition.jpg 399w, https:\/\/www.satiricon.be\/wp-content\/uploads\/2014\/02\/G\u00e9ricault-Fragments-anatomiques-basse-d\u00e9finition-300x263.jpg 300w\" sizes=\"(max-width: 399px) 100vw, 399px\" \/><\/a><\/p>\n<p style=\"text-align: center;\">Fragments anatomiques<\/p>\n<p>L\u2019exposition veut montrer que loin d\u2019\u00eatre un peintre du tragique et du malsain, G\u00e9ricault se r\u00e9v\u00e8le avant tout un homme soucieux de traduire la cruaut\u00e9 du quotidien avec une profonde empathie et une enti\u00e8re compassion pour les protagonistes de ses tableaux.<\/p>\n<p>Pour ce faire, de nombreuses toiles, dessins et estampes d\u2019 Eug\u00e8ne Delacroix, Jean-Baptiste Carpeaux, Francisco Goya, Johan Heinrich F\u00fcssli et Adolf Friedrich Menzel pr\u00eat\u00e9es par des mus\u00e9es internationaux permettent de situer l\u2019\u0153uvre de cet artiste dans un contexte plus large.<\/p>\n<p>Cette exposition, r\u00e9alis\u00e9e en partenariat avec la Schirn Kunsthalle de Francfort, a \u00e9t\u00e9 rendue possible gr\u00e2ce \u00e0 des pr\u00eats exceptionnels de L\u2019\u00c9cole Nationale Sup\u00e9rieure des Beaux-Arts de Paris (ENSBA) et du Mus\u00e9e des Beaux-Arts de Rouen.<\/p>\n<p>Elle se tiendra au Mus\u00e9e des Beaux-Arts de Gand, du 21 f\u00e9vrier au 26 mai 2014.<\/p>\n<p><strong>Les jupons de la r\u00e9volution<\/strong><\/p>\n<p>Une salle suppl\u00e9mentaire sera consacr\u00e9e au r\u00f4le politique que jou\u00e8rent certaines femmes lors de la R\u00e9volution fran\u00e7aise. \u00ab\u00a0Marianne\u00a0\u00bb personnifie d\u00e9sormais la France r\u00e9publicaine et la Libert\u00e9. Elle n&rsquo;est plus une figure id\u00e9alis\u00e9e, mais rev\u00eat les traits d&rsquo;une beaut\u00e9 roturi\u00e8re bien r\u00e9elle.<\/p>\n<p>De nombreuses femmes enthousiasm\u00e9es par la port\u00e9e universelle de ces id\u00e9es ont voulu jouer un r\u00f4le politique.<\/p>\n<p>Elles souhaitaient prendre une part active \u00e0 la lutte r\u00e9volutionnaire et m\u00eame, en compagnie des hommes, s&rsquo;enr\u00f4ler dans l&rsquo;arm\u00e9e.<\/p>\n<p style=\"text-align: center;\"><a href=\"https:\/\/www.satiricon.be\/wp-content\/uploads\/2014\/02\/Anonyme-Les-jupons-de-la-R\u00e9volution-basse-r\u00e9solution.jpg\"><img loading=\"lazy\" class=\"size-full wp-image-7862  aligncenter\" title=\"Anonyme Les jupons de la R\u00e9volution (basse r\u00e9solution)\" src=\"https:\/\/www.satiricon.be\/wp-content\/uploads\/2014\/02\/Anonyme-Les-jupons-de-la-R\u00e9volution-basse-r\u00e9solution.jpg\" alt=\"\" width=\"270\" height=\"350\" srcset=\"https:\/\/www.satiricon.be\/wp-content\/uploads\/2014\/02\/Anonyme-Les-jupons-de-la-R\u00e9volution-basse-r\u00e9solution.jpg 270w, https:\/\/www.satiricon.be\/wp-content\/uploads\/2014\/02\/Anonyme-Les-jupons-de-la-R\u00e9volution-basse-r\u00e9solution-231x300.jpg 231w\" sizes=\"(max-width: 270px) 100vw, 270px\" \/><\/a><\/p>\n<p style=\"text-align: center;\">Les jupons de la R\u00e9volution (anonyme)<\/p>\n<p>N\u00e9anmoins, le pouvoir en place qui ne souhaitait pas une ing\u00e9rence f\u00e9minine dans les affaires de l&rsquo;\u00c9tat, leur r\u00e9serva un sort peu cl\u00e9ment allant de l&rsquo;ex\u00e9cution sur la place publique \u00e0 la r\u00e9clusion dans les premiers \u00e9tablissements psychiatriques. Tel fut le cas de Th\u00e9roigne de M\u00e9ricourt, femme politique, f\u00e9ministe, qui, dit-on, mena l&rsquo;assaut sur les Tuileries en 1792. Elle fut d\u00e9clar\u00e9e folle et enferm\u00e9e \u00e0 la Salp\u00eatri\u00e8re tout comme <em>L&rsquo;Hy\u00e8ne de la Salp\u00eatri\u00e8re<\/em> dont G\u00e9ricault fit le portrait. Elle mourut dans cette institution psychiatrique une vingtaine d&rsquo;ann\u00e9es apr\u00e8s son internement.<\/p>\n<p><strong>Alfredo et Isabel Aquilizan<\/strong><\/p>\n<p>\u00c0\u00a0l\u2019occasion de l\u2019ouverture de l\u2019exposition G\u00e9ricault, des enfants pourront, lors d\u2019ateliers cr\u00e9atifs, aider les artistes Alfredo et Isabel Aquilizan \u00e0 \u00e9laborer une installation de grande dimension. Celle-ci s\u2019inscrit dans le cadre des manifestations organis\u00e9es \u00e0 l\u2019occasions de \u00ab\u00a050 ann\u00e9es d\u2019\u00e9migration \u00e0 Gand\u00a0\u00bb. Elle fait \u00e9galement r\u00e9f\u00e9rence aux r\u00e9centes trag\u00e9dies qui ont eu lieu \u00e0 hauteur des c\u00f4tes de Lampedusa (Italie) et, bien entendu, au <em>Radeau de la M\u00e9duse.<\/em><\/p>\n<p>Les Aquilizan qui travaillent en couple utilisent le principe de la collecte et de la participation pour exprimer les concepts de migration de famille et de m\u00e9moire. \u0152uvrant dans la mesure du possible avec les collectivit\u00e9s locales, les Aquilizan rassemblent des objets personnels pour composer des installations complexes et formelles qui sont le reflet d\u2019exp\u00e9riences individuelles concernant l\u2019exode et le changement.<\/p>\n<p>L\u2019installation qui sera pr\u00e9sent\u00e9e au MSK rev\u00eatira la forme d\u2019un radeau compos\u00e9 de centaines de petits radeaux et bateaux faits \u00e0 la main. Cet assemblage de petites sculptures, r\u00e9alis\u00e9es par des enfants et des adultes \u00e0 base d\u2019objets et de mat\u00e9riaux trouv\u00e9s, sera ajout\u00e9 \u00e0 cette \u0153uvre en cours d\u2019\u00e9volution. Parce qu&rsquo;ils ont eux-m\u00eames \u00e9migr\u00e9 des Philippines en Australie, le travail des Aquilizan refl\u00e8te leur exp\u00e9rience personnelle tout en instituant des \u00e9changes et en transmettant des id\u00e9es qui ne connaissent pas de fronti\u00e8res.<\/p>\n<p style=\"text-align: center;\"><a href=\"https:\/\/www.satiricon.be\/wp-content\/uploads\/2014\/02\/Aquilizan-1-basse-d\u00e9finition1.jpg\"><img loading=\"lazy\" class=\"size-full wp-image-7864    aligncenter\" title=\"Aquilizan (1) basse d\u00e9finition\" src=\"https:\/\/www.satiricon.be\/wp-content\/uploads\/2014\/02\/Aquilizan-1-basse-d\u00e9finition1.jpg\" alt=\"\" width=\"527\" height=\"350\" srcset=\"https:\/\/www.satiricon.be\/wp-content\/uploads\/2014\/02\/Aquilizan-1-basse-d\u00e9finition1.jpg 527w, https:\/\/www.satiricon.be\/wp-content\/uploads\/2014\/02\/Aquilizan-1-basse-d\u00e9finition1-300x199.jpg 300w\" sizes=\"(max-width: 527px) 100vw, 527px\" \/><\/a><\/p>\n<p>Ils ont particip\u00e9 \u00e0 des expositions individuelles (Logan Art Gallery, Brisbane, Australie, 2008\u00a0; The Drawing Room, Manille, Philippines, 2006) et \u00e0 des expositions de groupe (Biennale de Moscou, 2013\u00a0; Biennale de Singapour, 2008\u00a0; Biennale d\u2019Ad\u00e9laide, Australie, 2008\u00a0; Biennale de Sydney, Australie, 2006\u00a0; 50<sup>e<\/sup> Biennale de Venise, Italie, 2003).<\/p>\n<p><strong> <\/strong><\/p>\n<p><strong>INFORMATIONS PRATIQUES<\/strong><\/p>\n<ul>\n<li>Prix d&rsquo;entr\u00e9e par personne\u00a0: <strong>10\u00a0\u20ac<\/strong><\/li>\n<li>Gantois(es) \u2013 personnes \u00e2g\u00e9es de 65 ans et plus \u2013 groupes d&rsquo;au moins 15 personnes \u2013 carte enseignante\u00a0: <strong>8\u00a0\u20ac<\/strong><\/li>\n<li>Moins de 26 ans\u00a0: <strong>2\u00a0\u20ac<\/strong><\/li>\n<li>Moins de 19 ans \u2013 les habitants de Gand chaque dimanche de 10h \u00e0 13h \u2013 accompagnateur de visiteurs handicap\u00e9s \u2013Amis du Mus\u00e9e des Beaux-Arts \u2013 membres ICOM\/VMV \u2013 carte presse \u2013 carte guide\u00a0: <strong>0\u00a0\u20ac<\/strong><\/li>\n<\/ul>\n<p><strong>R\u00e9servation <\/strong><\/p>\n<p>FNAC \u2013 T\u00e9l. 0900 00 600 &#8211; <a href=\"http:\/\/www.fnac.be\/\">www.fnac.be<\/a><\/p>\n<p>Excursion \u2013 Train + Ticket &#8211; en vente dans toutes les gares SNCB \u2013 <a href=\"x-msg:\/\/507\/www.sncb.be\">www.sncb.be<\/a><\/p>\n<p><strong>Ateliers\/groupes, visites guid\u00e9es<\/strong><\/p>\n<p>T+32(0)9 269 87 50 \u2013 <a href=\"mailto:boekjebezoek@gent.be\">boekjebezoek@gent.be<\/a><\/p>\n","protected":false},"excerpt":{"rendered":"<p>Une magnifique exposition au Mus\u00e9e des Beaux-Arts (MSK) de Gand, du 21\u00a0f\u00e9vrier au 25\u00a0mai 2014<\/p>\n","protected":false},"author":2,"featured_media":0,"comment_status":"open","ping_status":"open","sticky":false,"template":"","format":"standard","meta":[],"categories":[8,32],"tags":[],"_links":{"self":[{"href":"https:\/\/www.satiricon.be\/index.php?rest_route=\/wp\/v2\/posts\/7856"}],"collection":[{"href":"https:\/\/www.satiricon.be\/index.php?rest_route=\/wp\/v2\/posts"}],"about":[{"href":"https:\/\/www.satiricon.be\/index.php?rest_route=\/wp\/v2\/types\/post"}],"author":[{"embeddable":true,"href":"https:\/\/www.satiricon.be\/index.php?rest_route=\/wp\/v2\/users\/2"}],"replies":[{"embeddable":true,"href":"https:\/\/www.satiricon.be\/index.php?rest_route=%2Fwp%2Fv2%2Fcomments&post=7856"}],"version-history":[{"count":3,"href":"https:\/\/www.satiricon.be\/index.php?rest_route=\/wp\/v2\/posts\/7856\/revisions"}],"predecessor-version":[{"id":7868,"href":"https:\/\/www.satiricon.be\/index.php?rest_route=\/wp\/v2\/posts\/7856\/revisions\/7868"}],"wp:attachment":[{"href":"https:\/\/www.satiricon.be\/index.php?rest_route=%2Fwp%2Fv2%2Fmedia&parent=7856"}],"wp:term":[{"taxonomy":"category","embeddable":true,"href":"https:\/\/www.satiricon.be\/index.php?rest_route=%2Fwp%2Fv2%2Fcategories&post=7856"},{"taxonomy":"post_tag","embeddable":true,"href":"https:\/\/www.satiricon.be\/index.php?rest_route=%2Fwp%2Fv2%2Ftags&post=7856"}],"curies":[{"name":"wp","href":"https:\/\/api.w.org\/{rel}","templated":true}]}}