{"id":7877,"date":"2014-02-26T20:12:08","date_gmt":"2014-02-26T18:12:08","guid":{"rendered":"http:\/\/www.satiricon.be\/?p=7877"},"modified":"2014-02-26T20:22:38","modified_gmt":"2014-02-26T18:22:38","slug":"souvenirs-de-la-grande-boucherie","status":"publish","type":"post","link":"https:\/\/www.satiricon.be\/?p=7877","title":{"rendered":"Souvenirs de la grande boucherie&#8230;"},"content":{"rendered":"<p style=\"text-align: center;\"><a href=\"https:\/\/www.satiricon.be\/wp-content\/uploads\/2014\/02\/Ceux-de-14.jpg\"><img loading=\"lazy\" class=\"size-full wp-image-7878    aligncenter\" title=\"Ceux de 14\" src=\"https:\/\/www.satiricon.be\/wp-content\/uploads\/2014\/02\/Ceux-de-14.jpg\" alt=\"\" width=\"244\" height=\"350\" srcset=\"https:\/\/www.satiricon.be\/wp-content\/uploads\/2014\/02\/Ceux-de-14.jpg 244w, https:\/\/www.satiricon.be\/wp-content\/uploads\/2014\/02\/Ceux-de-14-209x300.jpg 209w\" sizes=\"(max-width: 244px) 100vw, 244px\" \/><\/a><\/p>\n<p>Maurice Genevoix (1890-1980) obtient le prix Goncourt en 1925 pour <em>Raboliot<\/em>, et est \u00e9lu \u00e0 l&rsquo;Acad\u00e9mie fran\u00e7aise en 1946. Il est l&rsquo;auteur d&rsquo;une tr\u00e8s grande \u0153uvre, vaste hommage \u00e0 la nature apr\u00e8s ses premiers ouvrages sur la guerre\u00a0: plus de soixante livres, dont <em>La Derni\u00e8re<\/em> <em>Harde<\/em> et <em>Un jour<\/em>, qui furent d&rsquo;immenses succ\u00e8s.<\/p>\n<p>Pour comm\u00e9morer le centenaire du d\u00e9but de la Grande Guerre, les \u00c9ditions Flammarion ont ressorti son fameux et imposant volume rassemblant <em>Sous Verdun<\/em> (1916), \u00e9crit en quelques semaines et largement censur\u00e9, <em>Nuits de guerre<\/em> (1917), <em>Au Seuil des Guitounes<\/em> (1918), <em>La Boue<\/em> (1921) et <em>Les \u00c9parges<\/em> (1923), des textes r\u00e9unis sous le titre de <strong><em>Ceux de 14<\/em><\/strong> en 1949, dans la version d\u00e9finitive retravaill\u00e9e par l&rsquo;auteur.<\/p>\n<p>Cette nouvelle \u00e9dition, pr\u00e9fac\u00e9e par l&rsquo;historien Michel Bernard<a href=\"#_ftn1\">[1]<\/a> et suivie d&rsquo;un dossier de 90\u00a0pages r\u00e9alis\u00e9 par le documentaliste Florent Deludet, comprend des photographies du texte censur\u00e9, des carnets de Genevoix, de sa correspondance et de ses \u00ab\u00a0camarades du 106\u00a0\u00bb, v\u00e9ritables h\u00e9ros de ce r\u00e9cit.<\/p>\n<p>En voici un bref aper\u00e7u\u00a0:<\/p>\n<p>\u00ab\u00a01<sup>er<\/sup> ao\u00fbt 1914\u00a0: la France d\u00e9cr\u00e8te la mobilisation g\u00e9n\u00e9rale. Le 2\u00a0ao\u00fbt, Maurice Genevoix, brillant normalien qui n&rsquo;a pas 24 ans, rejoint le 106<sup>e<\/sup> r\u00e9giment d&rsquo;infanterie comme sous-lieutenant&#8230; Neuf mois plus tard, il est gri\u00e8vement bless\u00e9 et est r\u00e9form\u00e9. Entre ce mois d&rsquo;ao\u00fbt 1914 et les trois balles qui l&rsquo;atteignent, le 25\u00a0avril 1915 dans la Tranch\u00e9e de Calonne, le jeune homme aura particip\u00e9 \u00e0 la bataille de la Marne, march\u00e9 sur Verdun et, surtout, pendant quatre longs mois, d\u00e9fendu les \u00c9parges.<\/p>\n<p>Sur cette colline meurtri\u00e8re, les combats se font au corps-\u00e0-corps, \u00e0 la grenade, et sous le feu des obus. Entre l&rsquo;\u00e9t\u00e9 et le printemps revenu, Maurice Genevoix vit le quotidien du fantassin, la boue, le sang, la mort, alors que le commandement croit encore \u00e0 une guerre courte.\u00a0\u00bb<\/p>\n<p>L&rsquo;immense ouvrage d&rsquo;un \u00e9crivain qui ne l&rsquo;est pas moins\u00a0!<\/p>\n<p><strong>P\u00c9TRONE<\/strong><\/p>\n<p><strong><em>Ceux de 14 <\/em><\/strong>par Maurice Genevoix, Paris, \u00c9ditions Flammarion, pr\u00e9face de Michel Bernard, dossier r\u00e9alis\u00e9 par Florent Deludet octobre\u00a02013, 958\u00a0pp. en noir et blanc au format 14\u00a0x\u00a019,8\u00a0cm sous couverture broch\u00e9e en couleurs, 25\u00a0\u20ac (prix France)<\/p>\n<hr size=\"1\" \/><a href=\"#_ftnref1\">[1]<\/a> Michel Bernard, historien et haut fonctionnaire, est l&rsquo;un des meilleurs sp\u00e9cialistes de la Grande Guerre vue par ses combattants-\u00e9crivains, notamment Maurice Genevoix. II est l&rsquo;auteur du tr\u00e8s remarqu\u00e9 <em>La Tranch\u00e9e de<\/em> <em>Calonne<\/em> (2007), couronn\u00e9 par le prix Erckmann-Chatrian, de <em>La Maison du docteur Laheurte<\/em> (2008, prix Maurice Genevoix), de <em>Le Corps de la France<\/em> (2010, prix Erwan Bergot de l&rsquo;arm\u00e9e de terre) et de <em>Pour Genevoix<\/em> (2011).<\/p>\n","protected":false},"excerpt":{"rendered":"<p>Maurice Genevoix (1890-1980) obtient le prix Goncourt en 1925 pour \u00ab\u00a0Raboliot\u00a0\u00bb, et est \u00e9lu \u00e0 l&rsquo;Acad\u00e9mie fran\u00e7aise en 1946. Il est l&rsquo;auteur d&rsquo;une tr\u00e8s grande \u0153uvre, vaste hommage \u00e0 la nature apr\u00e8s ses premiers ouvrages sur la guerre : plus de soixante livres, dont \u00ab\u00a0La Derni\u00e8re Harde\u00a0\u00bb et \u00ab\u00a0Un jour\u00a0\u00bb, qui furent d&rsquo;immenses succ\u00e8s.<\/p>\n","protected":false},"author":2,"featured_media":0,"comment_status":"open","ping_status":"open","sticky":false,"template":"","format":"standard","meta":[],"categories":[51,11],"tags":[],"_links":{"self":[{"href":"https:\/\/www.satiricon.be\/index.php?rest_route=\/wp\/v2\/posts\/7877"}],"collection":[{"href":"https:\/\/www.satiricon.be\/index.php?rest_route=\/wp\/v2\/posts"}],"about":[{"href":"https:\/\/www.satiricon.be\/index.php?rest_route=\/wp\/v2\/types\/post"}],"author":[{"embeddable":true,"href":"https:\/\/www.satiricon.be\/index.php?rest_route=\/wp\/v2\/users\/2"}],"replies":[{"embeddable":true,"href":"https:\/\/www.satiricon.be\/index.php?rest_route=%2Fwp%2Fv2%2Fcomments&post=7877"}],"version-history":[{"count":6,"href":"https:\/\/www.satiricon.be\/index.php?rest_route=\/wp\/v2\/posts\/7877\/revisions"}],"predecessor-version":[{"id":7887,"href":"https:\/\/www.satiricon.be\/index.php?rest_route=\/wp\/v2\/posts\/7877\/revisions\/7887"}],"wp:attachment":[{"href":"https:\/\/www.satiricon.be\/index.php?rest_route=%2Fwp%2Fv2%2Fmedia&parent=7877"}],"wp:term":[{"taxonomy":"category","embeddable":true,"href":"https:\/\/www.satiricon.be\/index.php?rest_route=%2Fwp%2Fv2%2Fcategories&post=7877"},{"taxonomy":"post_tag","embeddable":true,"href":"https:\/\/www.satiricon.be\/index.php?rest_route=%2Fwp%2Fv2%2Ftags&post=7877"}],"curies":[{"name":"wp","href":"https:\/\/api.w.org\/{rel}","templated":true}]}}