{"id":8202,"date":"2014-06-25T12:41:08","date_gmt":"2014-06-25T10:41:08","guid":{"rendered":"http:\/\/www.satiricon.be\/?p=8202"},"modified":"2014-06-25T12:41:08","modified_gmt":"2014-06-25T10:41:08","slug":"morts-au-champ-dhorreur","status":"publish","type":"post","link":"https:\/\/www.satiricon.be\/?p=8202","title":{"rendered":"Morts au champ d&rsquo;horreur&#8230;"},"content":{"rendered":"<p style=\"text-align: center;\"><a href=\"https:\/\/www.satiricon.be\/wp-content\/uploads\/2014\/06\/Charleroi-\u2013-21-23-ao\u00fbt-1914.jpg\"><img loading=\"lazy\" class=\"size-full wp-image-8205  aligncenter\" title=\"Charleroi \u2013 21-23 ao\u00fbt 1914\" src=\"https:\/\/www.satiricon.be\/wp-content\/uploads\/2014\/06\/Charleroi-\u2013-21-23-ao\u00fbt-1914.jpg\" alt=\"\" width=\"227\" height=\"350\" srcset=\"https:\/\/www.satiricon.be\/wp-content\/uploads\/2014\/06\/Charleroi-\u2013-21-23-ao\u00fbt-1914.jpg 227w, https:\/\/www.satiricon.be\/wp-content\/uploads\/2014\/06\/Charleroi-\u2013-21-23-ao\u00fbt-1914-194x300.jpg 194w\" sizes=\"(max-width: 227px) 100vw, 227px\" \/><\/a><\/p>\n<p>Docteur en histoire, Emmanuel Saint-Fuscien enseigne \u00e0 l\u2019\u00c9cole des Hautes \u00c9tudes en Sciences Sociales \u00e0 Paris. Il a publi\u00e9, r\u00e9dig\u00e9 avec Damien Baldin qui donne des cours sur l&rsquo;histoire de la Premi\u00e8re Guerre mondiale dans la m\u00eame institution, un remarquable essai intitul\u00e9 <strong><em>Charleroi \u2013 21-23 ao\u00fbt 1914 <\/em><\/strong>paru chez Tallandier en 2012, mais toujours disponible \u00e0 la vente.<\/p>\n<p>On se souviendra que Pierre Drieu la Rochelle, qui avait particip\u00e9 \u00e0 la bataille dite des fronti\u00e8res entre la 5<sup>e<\/sup> arm\u00e9e fran\u00e7aise command\u00e9e par le g\u00e9n\u00e9ral Lanrezac et la II<sup>e<\/sup> arm\u00e9e allemande sous les ordres du <em>Generaloberst<\/em> von B\u00fclow, en avait fourni une relation dantesque dans <em>La Com\u00e9die de Charleroi<\/em>, un texte qui pointait avec cynisme et d\u00e9sespoir aussi bien l&rsquo;incurie de l&rsquo;\u00e9tat-major de Joffre que l&rsquo;impr\u00e9paration des troupes fran\u00e7aises dont les pantalons garance, h\u00e9rit\u00e9s de 1870, faisaient des cibles de choix et dont l&rsquo;armement v\u00e9tuste \u00e9tait inefficace contre les mitrailleuses et les canons allemands.<\/p>\n<p>Nos deux historiens appuient ses dires quant \u00e0 la puissance de feu des troupes du Reich et ils d\u00e9montrent en outre la sup\u00e9riorit\u00e9 tactique des g\u00e9n\u00e9raux du Kaiser en mati\u00e8re de progression syst\u00e9matique et d&rsquo;engagement au combat.<\/p>\n<p style=\"text-align: center;\"><a href=\"https:\/\/www.satiricon.be\/wp-content\/uploads\/2014\/06\/Karl-von-B\u00fclow.jpg\"><img loading=\"lazy\" class=\"size-full wp-image-8204  aligncenter\" title=\"Karl von B\u00fclow\" src=\"https:\/\/www.satiricon.be\/wp-content\/uploads\/2014\/06\/Karl-von-B\u00fclow.jpg\" alt=\"\" width=\"222\" height=\"350\" srcset=\"https:\/\/www.satiricon.be\/wp-content\/uploads\/2014\/06\/Karl-von-B\u00fclow.jpg 222w, https:\/\/www.satiricon.be\/wp-content\/uploads\/2014\/06\/Karl-von-B\u00fclow-190x300.jpg 190w\" sizes=\"(max-width: 222px) 100vw, 222px\" \/><\/a><\/p>\n<p style=\"text-align: center;\">Karl von B\u00fclow (1846-1921)<\/p>\n<p>Avec un grand sens p\u00e9dagogique et dans un style d&rsquo;une belle limpidit\u00e9, ils d\u00e9crivent par ailleurs les \u00e9v\u00e9nements dans les moindres d\u00e9tails, expliquent les erreurs, les aveuglements ou les traits de g\u00e9nie de l&rsquo;un et l&rsquo;autre camp tout en rendant justice au g\u00e9n\u00e9ral Charles Lanrezac qui, parce qu&rsquo;il avait compris que son arm\u00e9e risquait de se faire encercler par trois arm\u00e9es allemandes, d\u00e9cida seul le 23 ao\u00fbt, en d\u00e9pit des ordres de Joffre \u2013 (adepte pass\u00e9iste de l&rsquo;offensive \u00e0 tout prix), le recul de ses troupes qui purent ensuite enrayer la progression de l&rsquo;ennemi \u00e0 l&rsquo;issue de la bataille de Guise.<\/p>\n<p style=\"text-align: center;\"><a href=\"https:\/\/www.satiricon.be\/wp-content\/uploads\/2014\/06\/Charles-Lanrezac.jpg\"><img loading=\"lazy\" class=\"size-full wp-image-8203  aligncenter\" title=\"Charles Lanrezac\" src=\"https:\/\/www.satiricon.be\/wp-content\/uploads\/2014\/06\/Charles-Lanrezac.jpg\" alt=\"\" width=\"254\" height=\"350\" srcset=\"https:\/\/www.satiricon.be\/wp-content\/uploads\/2014\/06\/Charles-Lanrezac.jpg 254w, https:\/\/www.satiricon.be\/wp-content\/uploads\/2014\/06\/Charles-Lanrezac-217x300.jpg 217w\" sizes=\"(max-width: 254px) 100vw, 254px\" \/><\/a><\/p>\n<p style=\"text-align: center;\">Charles Lanrezac (1852-1925)<\/p>\n<p>Lanrezac contribua ainsi indirectement \u00e0 la victoire \u00f4 combien d\u00e9cisive sur la Marne, quelques jours plus tard. Il fut n\u00e9anmoins limog\u00e9 le 3\u00a0septembre 1914 et remplac\u00e9 par Louis Franchet d&rsquo;Esperey. On lui reprochait entre autres son esprit critique et sa m\u00e9sentente avec le mar\u00e9chal anglais French. D\u00e9sabus\u00e9, Lanrezac refusa en 1917 le poste de major g\u00e9n\u00e9ral des arm\u00e9es que lui proposait Paul Painlev\u00e9, alors ministre de la Guerre.<\/p>\n<p>Il y a 100 ans, la bataille de Charleroi se solda par la mort d&rsquo;au moins 20\u00a0000 soldats fran\u00e7ais et allemands&#8230;<\/p>\n<p>Une comm\u00e9moration s&rsquo;impose, \u00e0 tout le moins par la lecture de l&rsquo;ouvrage magistral d&rsquo;Emmanuel Saint-Fuscien et Damien Baldin\u00a0!<\/p>\n<p><strong>P\u00c9TRONE<\/strong><\/p>\n<p><strong> <\/strong><\/p>\n<p><strong><em>Charleroi \u2013 21-23 ao\u00fbt 1914 <\/em><\/strong>par Damien Baldin et Emmanuel Saint-Fuscien, Paris, \u00c9ditions Tallandier, collection \u00ab\u00a0L&rsquo;histoire en batailles\u00a0\u00bb, ao\u00fbt\u00a02012, 224\u00a0pp. en noir et blanc au format 13\u00a0x\u00a020\u00a0cm sous couverture broch\u00e9e en couleurs, 18,50\u00a0\u20ac (prix France)<\/p>\n","protected":false},"excerpt":{"rendered":"<p>Docteur en histoire, Emmanuel Saint-Fuscien enseigne \u00e0 l\u2019\u00c9cole des Hautes \u00c9tudes en Sciences Sociales \u00e0 Paris. Il a publi\u00e9, r\u00e9dig\u00e9 avec Damien Baldin qui donne des cours sur l&rsquo;histoire de la Premi\u00e8re Guerre mondiale dans la m\u00eame institution, un remarquable essai intitul\u00e9 \u00ab\u00a0Charleroi \u2013 21-23 ao\u00fbt 1914\u00a0\u00bb paru chez Tallandier en 2012, mais toujours disponible \u00e0 la vente.<\/p>\n","protected":false},"author":2,"featured_media":0,"comment_status":"open","ping_status":"open","sticky":false,"template":"","format":"standard","meta":[],"categories":[51,11],"tags":[],"_links":{"self":[{"href":"https:\/\/www.satiricon.be\/index.php?rest_route=\/wp\/v2\/posts\/8202"}],"collection":[{"href":"https:\/\/www.satiricon.be\/index.php?rest_route=\/wp\/v2\/posts"}],"about":[{"href":"https:\/\/www.satiricon.be\/index.php?rest_route=\/wp\/v2\/types\/post"}],"author":[{"embeddable":true,"href":"https:\/\/www.satiricon.be\/index.php?rest_route=\/wp\/v2\/users\/2"}],"replies":[{"embeddable":true,"href":"https:\/\/www.satiricon.be\/index.php?rest_route=%2Fwp%2Fv2%2Fcomments&post=8202"}],"version-history":[{"count":1,"href":"https:\/\/www.satiricon.be\/index.php?rest_route=\/wp\/v2\/posts\/8202\/revisions"}],"predecessor-version":[{"id":8206,"href":"https:\/\/www.satiricon.be\/index.php?rest_route=\/wp\/v2\/posts\/8202\/revisions\/8206"}],"wp:attachment":[{"href":"https:\/\/www.satiricon.be\/index.php?rest_route=%2Fwp%2Fv2%2Fmedia&parent=8202"}],"wp:term":[{"taxonomy":"category","embeddable":true,"href":"https:\/\/www.satiricon.be\/index.php?rest_route=%2Fwp%2Fv2%2Fcategories&post=8202"},{"taxonomy":"post_tag","embeddable":true,"href":"https:\/\/www.satiricon.be\/index.php?rest_route=%2Fwp%2Fv2%2Ftags&post=8202"}],"curies":[{"name":"wp","href":"https:\/\/api.w.org\/{rel}","templated":true}]}}