{"id":8377,"date":"2014-07-25T16:59:05","date_gmt":"2014-07-25T14:59:05","guid":{"rendered":"http:\/\/www.satiricon.be\/?p=8377"},"modified":"2014-07-25T16:59:05","modified_gmt":"2014-07-25T14:59:05","slug":"%c2%ab-tout-n%e2%80%99est-pas-necessairement-logique-%c2%bb-ceci-n%e2%80%99est-pas-de-voltaire","status":"publish","type":"post","link":"https:\/\/www.satiricon.be\/?p=8377","title":{"rendered":"\u00ab Tout n\u2019est pas n\u00e9cessairement logique. \u00bb (Ceci n\u2019est pas de Voltaire)"},"content":{"rendered":"<p style=\"text-align: center;\"><a href=\"https:\/\/www.satiricon.be\/wp-content\/uploads\/2014\/07\/P\u00e9tain-Qui-suis-je.jpg\"><img loading=\"lazy\" class=\"size-full wp-image-8378  aligncenter\" title=\"P\u00e9tain Qui suis-je\" src=\"https:\/\/www.satiricon.be\/wp-content\/uploads\/2014\/07\/P\u00e9tain-Qui-suis-je.jpg\" alt=\"\" width=\"233\" height=\"350\" srcset=\"https:\/\/www.satiricon.be\/wp-content\/uploads\/2014\/07\/P\u00e9tain-Qui-suis-je.jpg 233w, https:\/\/www.satiricon.be\/wp-content\/uploads\/2014\/07\/P\u00e9tain-Qui-suis-je-199x300.jpg 199w\" sizes=\"(max-width: 233px) 100vw, 233px\" \/><\/a><\/p>\n<p>Professeur de lettres classiques \u00e0 l&rsquo;Institut Catholique d&rsquo;\u00c9tudes Sup\u00e9rieures de La Roche-sur-Yon, G\u00e9rard Bedel a fait para\u00eetre chez Pard\u00e8s \u00e0 Grez-sur-Loing une hagiographie intitul\u00e9e <strong><em>P\u00e9tain Qui suis-je\u00a0?<\/em><\/strong> dans lequel il jette un voile pudique \u2013 et par cons\u00e9quent mensonger \u2013 sur les erreurs, forfaitures et trahisons du <em>Mar\u00e9chal-nous-voil\u00e0<\/em>, allant jusqu&rsquo;\u00e0 le pr\u00e9senter comme \u00ab\u00a0un habile politique qui \u00e9carta Hitler de notre territoire africain, pr\u00e9parant ainsi le retour de la France dans la guerre contre l&rsquo;Allemagne\u00a0\u00bb tout en ne pipant mot de \u00ab\u00a0la question juive\u00a0\u00bb par le renvoi du lecteur au tr\u00e8s contest\u00e9 <em>Vichy et la Shoah<\/em> d&rsquo;Alain Michel.<\/p>\n<p>Il e\u00fbt donc \u00e9t\u00e9 logique que nous ne traitions pas de cet essai dans ces colonnes, n&rsquo;\u00e9taient les chapitres \u00e0 propos du h\u00e9ros de Verdun rappelant la mani\u00e8re dont il vint \u00e0 bout des mutineries de 1917 apr\u00e8s la d\u00e9sastreuse offensive du g\u00e9n\u00e9ral Nivelle, remettant en lumi\u00e8re ses conceptions militaires loin de la doctrine des offensives \u00e0 tout prix et expliquant l&rsquo;ampleur de sa popularit\u00e9 aupr\u00e8s des \u00ab\u00a0pousse-cailloux\u00a0\u00bb demeur\u00e9e intacte bien des ann\u00e9es plus tard.<\/p>\n<p>Accordons aussi une mention \u00e0 l&rsquo;iconographie originale et int\u00e9ressante de cet ouvrage qui doit bien \u00e9videmment \u00eatre lu avec beaucoup de circonspection, contrairement \u00e0 la monumentale <em>Histoire de Vichy<\/em> de Fran\u00e7ois-Georges Dreyfus parue aux \u00c9ditions Perrin&#8230;<\/p>\n<p><strong>P\u00c9TRONE<\/strong><\/p>\n<p><strong><em>P\u00e9tain Qui suis-je\u00a0? <\/em><\/strong>par G\u00e9rard Bedel, Grez-sur-Loing, \u00c9ditions Pard\u00e8s, collection \u00ab\u00a0Qui suis-je\u00a0?\u00a0\u00bb, mars\u00a02014, 128\u00a0pp. en noir et blanc au format 14\u00a0x\u00a021\u00a0cm sous couverture broch\u00e9e en couleurs, 12\u00a0\u20ac (prix France)<\/p>\n","protected":false},"excerpt":{"rendered":"<p>Professeur de lettres classiques \u00e0 l&rsquo;Institut Catholique d&rsquo;\u00c9tudes Sup\u00e9rieures de La Roche-sur-Yon, G\u00e9rard Bedel a fait para\u00eetre chez Pard\u00e8s \u00e0 Grez-sur-Loing une hagiographie intitul\u00e9e \u00ab\u00a0P\u00e9tain Qui suis-je\u00a0?\u00a0 dans laquelle il jette un voile pudique \u2013 et par cons\u00e9quent mensonger \u2013 sur les erreurs, forfaitures et trahisons du Mar\u00e9chal-nous-voil\u00e0&#8230;<\/p>\n","protected":false},"author":2,"featured_media":0,"comment_status":"open","ping_status":"open","sticky":false,"template":"","format":"standard","meta":[],"categories":[77,51,11],"tags":[],"_links":{"self":[{"href":"https:\/\/www.satiricon.be\/index.php?rest_route=\/wp\/v2\/posts\/8377"}],"collection":[{"href":"https:\/\/www.satiricon.be\/index.php?rest_route=\/wp\/v2\/posts"}],"about":[{"href":"https:\/\/www.satiricon.be\/index.php?rest_route=\/wp\/v2\/types\/post"}],"author":[{"embeddable":true,"href":"https:\/\/www.satiricon.be\/index.php?rest_route=\/wp\/v2\/users\/2"}],"replies":[{"embeddable":true,"href":"https:\/\/www.satiricon.be\/index.php?rest_route=%2Fwp%2Fv2%2Fcomments&post=8377"}],"version-history":[{"count":1,"href":"https:\/\/www.satiricon.be\/index.php?rest_route=\/wp\/v2\/posts\/8377\/revisions"}],"predecessor-version":[{"id":8379,"href":"https:\/\/www.satiricon.be\/index.php?rest_route=\/wp\/v2\/posts\/8377\/revisions\/8379"}],"wp:attachment":[{"href":"https:\/\/www.satiricon.be\/index.php?rest_route=%2Fwp%2Fv2%2Fmedia&parent=8377"}],"wp:term":[{"taxonomy":"category","embeddable":true,"href":"https:\/\/www.satiricon.be\/index.php?rest_route=%2Fwp%2Fv2%2Fcategories&post=8377"},{"taxonomy":"post_tag","embeddable":true,"href":"https:\/\/www.satiricon.be\/index.php?rest_route=%2Fwp%2Fv2%2Ftags&post=8377"}],"curies":[{"name":"wp","href":"https:\/\/api.w.org\/{rel}","templated":true}]}}