{"id":8405,"date":"2014-07-31T19:08:39","date_gmt":"2014-07-31T17:08:39","guid":{"rendered":"http:\/\/www.satiricon.be\/?p=8405"},"modified":"2014-07-31T19:08:39","modified_gmt":"2014-07-31T17:08:39","slug":"envolees-lyriques-et-diatribes-profondes","status":"publish","type":"post","link":"https:\/\/www.satiricon.be\/?p=8405","title":{"rendered":"Envol\u00e9es lyriques et diatribes profondes&#8230;"},"content":{"rendered":"<p style=\"text-align: center;\"><a href=\"https:\/\/www.satiricon.be\/wp-content\/uploads\/2014\/07\/Les-plus-beaux-discours-Jean-Jaur\u00e8s.jpg\"><img loading=\"lazy\" class=\"size-full wp-image-8406  aligncenter\" title=\"Les plus beaux discours (Jean Jaur\u00e8s)\" src=\"https:\/\/www.satiricon.be\/wp-content\/uploads\/2014\/07\/Les-plus-beaux-discours-Jean-Jaur\u00e8s.jpg\" alt=\"\" width=\"221\" height=\"350\" srcset=\"https:\/\/www.satiricon.be\/wp-content\/uploads\/2014\/07\/Les-plus-beaux-discours-Jean-Jaur\u00e8s.jpg 221w, https:\/\/www.satiricon.be\/wp-content\/uploads\/2014\/07\/Les-plus-beaux-discours-Jean-Jaur\u00e8s-189x300.jpg 189w\" sizes=\"(max-width: 221px) 100vw, 221px\" \/><\/a><\/p>\n<p>N\u00e9 \u00e0 Castres (Tarn) le 3\u00a0septembre 1859, agr\u00e9g\u00e9 de philosophie et docteur, homme politique issu du monde rural, chr\u00e9tien convaincu, dreyfusard, penseur et orateur hors pair, Jean Jaur\u00e8s est l&rsquo;un des p\u00e8res fondateurs du parti socialiste fran\u00e7ais en 1902 et de la SFIO <a href=\"#_ftn1\">[1]<\/a> en 1905 ainsi que du quotidien <em>L\u2019Humanit\u00e9<\/em> en 1904, auquel collaborent alors Anatole France, Octave Mirbeau et Jules Renard.<\/p>\n<p>Pacifiste, Jaur\u00e8s fut assassin\u00e9 le 31\u00a0juillet 1914 par le nationaliste Raoul Villain <a href=\"#_ftn2\">[2]<\/a> au Caf\u00e9 du Croissant, 146, rue Montmartre \u00e0 Paris (2<sup>e<\/sup> arrondissement), ce qui pr\u00e9cipita le d\u00e9clenchement de la Premi\u00e8re Guerre mondiale par le ralliement de la gauche fran\u00e7aise, y compris de certains socialistes qui h\u00e9sitaient, \u00e0 l\u2019\u00ab\u00a0Union sacr\u00e9e\u00a0\u00bb.<\/p>\n<p>Sa d\u00e9pouille a \u00e9t\u00e9 transf\u00e9r\u00e9e au Panth\u00e9on en 1924 et ses id\u00e9es m\u00e9taphysiques ont fait l\u2019objet d\u2019une remarquable \u00e9tude de feu Henri Guillemin (1903-1992), <em>L\u2019arri\u00e8re-pens\u00e9e de Jaur\u00e8s<\/em> parue chez Gallimard en 1966, dans laquelle sont expos\u00e9s, avec la fougue qui \u00e9tait coutumi\u00e8re \u00e0 l\u2019historien bourguignon, les tenants et les aboutissants de l\u2019engagement spirituel et politique du martyr de la paix qui avait aussi \u00e9t\u00e9 d\u00e9put\u00e9 de Carmaux.<\/p>\n<p>Pour comm\u00e9morer le centenaire de son assassinat, les \u00c9ditions Librio \u00e0 Paris ont rassembl\u00e9 dans <strong><em>Les plus beaux discours<\/em><\/strong> les prises de parole les plus importantes de Jean Jaur\u00e8s, notamment le discours des deux m\u00e9thodes, le discours \u00e0 la jeunesse et le discours de Vaise, prononc\u00e9 la veille de sa mort.<\/p>\n<p>Dans ces textes, il aborde de nombreuses questions\u00a0:<\/p>\n<p>Le socialisme est-il compatible avec la R\u00e9publique\u00a0? Que propose le parti face \u00e0 la crise du monde paysan\u00a0? R\u00e9formisme ou \u00ab\u00a0classe contre classe\u00a0\u00bb\u00a0? Quel r\u00f4le les prol\u00e9taires ont-ils jou\u00e9 dans l&rsquo;histoire de France\u00a0? Que penser de la la\u00efcit\u00e9\u00a0? Peut-on vraiment \u00eatre pacifiste en 1914\u00a0?<\/p>\n<p>Homme de valeur et de valeurs, notre tribun fut un protagoniste majeur du passage \u00e0 la modernit\u00e9 de la R\u00e9publique fran\u00e7aise au tournant du XX<sup>e<\/sup> si\u00e8cle, et ses convictions g\u00e9n\u00e9reuses n\u2019ont pas pris une ride, si ce n\u2019est que les socialistes d\u2019aujourd\u2019hui ne les partagent plus, tout occup\u00e9s qu\u2019ils sont par leurs jeux politiciens, leur ambition personnelle, leur course aux bonnes places et leurs affaires d\u2019argent.<\/p>\n<p>De quoi s\u2019\u00e9crier\u00a0: \u00ab\u00a0Jaur\u00e8s, reviens, ils sont devenus fous\u00a0!\u00a0\u00bb<\/p>\n<p><strong>P\u00c9TRONE<\/strong><\/p>\n<p><strong><em>Les plus beaux discours <\/em><\/strong>de Jean Jaur\u00e8s, Paris, \u00c9ditions Librio, collection \u00ab\u00a0Id\u00e9es\u00a0\u00bb, \u00a0mai\u00a02014, 127\u00a0pp. en noir et blanc au format 13\u00a0x\u00a020,5\u00a0cm sous couverture broch\u00e9e en couleurs, 3\u00a0\u20ac (prix France)<\/p>\n<hr size=\"1\" \/><a href=\"#_ftnref1\">[1]<\/a> Section fran\u00e7aise de l&rsquo;Internationale ouvri\u00e8re.<\/p>\n<p><a href=\"#_ftnref2\">[2]<\/a> Qui fut acquitt\u00e9 pour ce crime le 29\u00a0mars 1919 apr\u00e8s avoir pass\u00e9 la grande Guerre en prison, devint par la suite un d\u00e9linquant de droit commun, perdit plus ou moins la raison et fut ex\u00e9cut\u00e9 par des anarchistes le 17\u00a0septembre 1936, durant la guerre civile espagnole, \u00e0 Ibiza o\u00f9 il s\u2019\u00e9tait finalement r\u00e9fugi\u00e9.<\/p>\n","protected":false},"excerpt":{"rendered":"<p>N\u00e9 \u00e0 Castres (Tarn) le 3 septembre 1859, agr\u00e9g\u00e9 de philosophie et docteur, homme politique issu du monde rural, chr\u00e9tien convaincu, dreyfusard, penseur et orateur hors pair, Jean Jaur\u00e8s est l&rsquo;un des p\u00e8res fondateurs du parti socialiste fran\u00e7ais en 1902 et de la SFIO en 1905 ainsi que du quotidien \u00ab\u00a0L\u2019Humanit\u00e9\u00a0\u00bb en 1904, auquel collaborent alors Anatole France, Octave Mirbeau et Jules Renard.<\/p>\n","protected":false},"author":2,"featured_media":0,"comment_status":"open","ping_status":"open","sticky":false,"template":"","format":"standard","meta":[],"categories":[54,49,11],"tags":[],"_links":{"self":[{"href":"https:\/\/www.satiricon.be\/index.php?rest_route=\/wp\/v2\/posts\/8405"}],"collection":[{"href":"https:\/\/www.satiricon.be\/index.php?rest_route=\/wp\/v2\/posts"}],"about":[{"href":"https:\/\/www.satiricon.be\/index.php?rest_route=\/wp\/v2\/types\/post"}],"author":[{"embeddable":true,"href":"https:\/\/www.satiricon.be\/index.php?rest_route=\/wp\/v2\/users\/2"}],"replies":[{"embeddable":true,"href":"https:\/\/www.satiricon.be\/index.php?rest_route=%2Fwp%2Fv2%2Fcomments&post=8405"}],"version-history":[{"count":1,"href":"https:\/\/www.satiricon.be\/index.php?rest_route=\/wp\/v2\/posts\/8405\/revisions"}],"predecessor-version":[{"id":8407,"href":"https:\/\/www.satiricon.be\/index.php?rest_route=\/wp\/v2\/posts\/8405\/revisions\/8407"}],"wp:attachment":[{"href":"https:\/\/www.satiricon.be\/index.php?rest_route=%2Fwp%2Fv2%2Fmedia&parent=8405"}],"wp:term":[{"taxonomy":"category","embeddable":true,"href":"https:\/\/www.satiricon.be\/index.php?rest_route=%2Fwp%2Fv2%2Fcategories&post=8405"},{"taxonomy":"post_tag","embeddable":true,"href":"https:\/\/www.satiricon.be\/index.php?rest_route=%2Fwp%2Fv2%2Ftags&post=8405"}],"curies":[{"name":"wp","href":"https:\/\/api.w.org\/{rel}","templated":true}]}}