{"id":8516,"date":"2014-08-22T09:22:47","date_gmt":"2014-08-22T07:22:47","guid":{"rendered":"http:\/\/www.satiricon.be\/?p=8516"},"modified":"2014-08-22T09:22:58","modified_gmt":"2014-08-22T07:22:58","slug":"transparences-chez-laurette-la-foire-du-verre-de-lasne","status":"publish","type":"post","link":"https:\/\/www.satiricon.be\/?p=8516","title":{"rendered":"Transparences chez Laurette : La Foire du Verre de Lasne"},"content":{"rendered":"<p style=\"text-align: center;\"><a href=\"https:\/\/www.satiricon.be\/wp-content\/uploads\/2014\/08\/Foire-du-verre.jpg\"><img loading=\"lazy\" class=\"size-full wp-image-8517    aligncenter\" title=\"Foire du verre\" src=\"https:\/\/www.satiricon.be\/wp-content\/uploads\/2014\/08\/Foire-du-verre.jpg\" alt=\"\" width=\"251\" height=\"350\" srcset=\"https:\/\/www.satiricon.be\/wp-content\/uploads\/2014\/08\/Foire-du-verre.jpg 251w, https:\/\/www.satiricon.be\/wp-content\/uploads\/2014\/08\/Foire-du-verre-215x300.jpg 215w\" sizes=\"(max-width: 251px) 100vw, 251px\" \/><\/a><\/p>\n<p><strong><em>Un peu d\u2019histoire\u00a0:<\/em><\/strong><\/p>\n<p>En 1991, Lasne organise son premier march\u00e9 en plein air. C\u2019est sur ce march\u00e9 que nait la Foire du Verre. L\u2019\u00e9v\u00e9nement est couvert par la presse nationale. En 1992, lors de la <sup>2e<\/sup> \u00e9dition, on y trouve d\u00e9j\u00e0 quelques grands sp\u00e9cialistes du verre et du cristal.<\/p>\n<p>Depuis 1993, tant par ses exposants que par ses visiteurs, ce grand rassemblement europ\u00e9en des passionn\u00e9s de la verrerie est d\u00e9sormais \u00e0 l\u2019agenda de tous les aficionados du verre ancien et du cristal. \u00c0\u00a0partir de 2009, la Foire du Verre associe l\u2019argenterie \u00e0 son \u00e9v\u00e9nement.<\/p>\n<p><strong><em>On y trouve aujourd\u2019hui\u00a0:<\/em><\/strong><\/p>\n<p>Des dizaines de milliers de pi\u00e8ces en Val Saint-Lambert, Saint-Louis, Von\u00eache, Baccarat, Ch\u00ean\u00e9e, Murano, Boh\u00e8me\u2026 et plus de 70 sp\u00e9cialistes du verre et des cristaux anciens venant de toute l\u2019Europe.<\/p>\n<p>On y trouve de la verrerie en tant qu\u2019art, les pi\u00e8ces manquantes d\u2019un service, on y d\u00e9niche des perles rares, on y c\u00f4toie les connaisseurs et les sp\u00e9cialistes.<\/p>\n<p>Verres de mariage, de d\u00e9coration, de collection, verres \u00e0 vin du Rhin, verres europ\u00e9ens du XIX<sup>e<\/sup> si\u00e8cle ou contemporains, la Foire du Verre est \u00e0 l\u2019honneur comme chaque ann\u00e9e pour les collectionneurs, les chineurs, les antiquaires ou les n\u00e9ophytes.<\/p>\n<p>L\u2019univers de la verrerie et du cristal l\u00e8ve des secrets de son histoire et ravit aussi le public pour le plaisir des yeux.<\/p>\n<p>Pour approfondir les connaissances et \u00e9clairer les visiteurs, des ateliers-rencontres y sont organis\u00e9s.<\/p>\n<p>La Foire du Verre qui, depuis ses d\u00e9buts, a conserv\u00e9 les valeurs qui la composent, remettra, le dimanche matin, un ch\u00e8que de 3\u00a0000 euros, comme tous les ans, aux Amis des aveugles pour l\u2019achat et l\u2019\u00e9ducation d\u2019un chien d\u2019aveugle.<\/p>\n<p><strong><em>Informations\u00a0:<\/em><\/strong><\/p>\n<p>Rassemblement europ\u00e9en des passionn\u00e9s de la verrerie<\/p>\n<p>Centre Sportif de Lasne<\/p>\n<p>Samedi 4 et dimanche 5 octobre 2014<\/p>\n<p>10h00-18h00<\/p>\n<p>Entr\u00e9e\u00a0: 6\u20ac \u2013 gratuit pour les moins de 16 ans<\/p>\n<p>www.foireduverre.org<\/p>\n","protected":false},"excerpt":{"rendered":"<p>En 1991, Lasne organise son premier march\u00e9 en plein air. C\u2019est sur ce march\u00e9 que nait la Foire du Verre. L\u2019\u00e9v\u00e9nement est couvert par la presse nationale. En 1992, lors de la 2e \u00e9dition, on y trouve d\u00e9j\u00e0 quelques grands sp\u00e9cialistes du verre et du cristal&#8230;<\/p>\n","protected":false},"author":2,"featured_media":0,"comment_status":"open","ping_status":"open","sticky":false,"template":"","format":"standard","meta":[],"categories":[8],"tags":[],"_links":{"self":[{"href":"https:\/\/www.satiricon.be\/index.php?rest_route=\/wp\/v2\/posts\/8516"}],"collection":[{"href":"https:\/\/www.satiricon.be\/index.php?rest_route=\/wp\/v2\/posts"}],"about":[{"href":"https:\/\/www.satiricon.be\/index.php?rest_route=\/wp\/v2\/types\/post"}],"author":[{"embeddable":true,"href":"https:\/\/www.satiricon.be\/index.php?rest_route=\/wp\/v2\/users\/2"}],"replies":[{"embeddable":true,"href":"https:\/\/www.satiricon.be\/index.php?rest_route=%2Fwp%2Fv2%2Fcomments&post=8516"}],"version-history":[{"count":2,"href":"https:\/\/www.satiricon.be\/index.php?rest_route=\/wp\/v2\/posts\/8516\/revisions"}],"predecessor-version":[{"id":8519,"href":"https:\/\/www.satiricon.be\/index.php?rest_route=\/wp\/v2\/posts\/8516\/revisions\/8519"}],"wp:attachment":[{"href":"https:\/\/www.satiricon.be\/index.php?rest_route=%2Fwp%2Fv2%2Fmedia&parent=8516"}],"wp:term":[{"taxonomy":"category","embeddable":true,"href":"https:\/\/www.satiricon.be\/index.php?rest_route=%2Fwp%2Fv2%2Fcategories&post=8516"},{"taxonomy":"post_tag","embeddable":true,"href":"https:\/\/www.satiricon.be\/index.php?rest_route=%2Fwp%2Fv2%2Ftags&post=8516"}],"curies":[{"name":"wp","href":"https:\/\/api.w.org\/{rel}","templated":true}]}}